{"id":3191,"date":"2024-05-16T18:54:27","date_gmt":"2024-05-16T18:54:27","guid":{"rendered":"https:\/\/kreativna-europa.ba\/?p=3191"},"modified":"2024-10-17T17:16:34","modified_gmt":"2024-10-17T17:16:34","slug":"najava-dani-kreativne-europe","status":"publish","type":"post","link":"https:\/\/kreativna-europa.ba\/en\/najava-dani-kreativne-europe\/","title":{"rendered":"ANNOUNCEMENT \u2013 Days of Creative Europe"},"content":{"rendered":"<div id=\"wp-block-themeisle-blocks-slider-ebd08b5b\" class=\"wp-block-themeisle-blocks-slider glide\" data-per-view=\"1\" data-gap=\"0\" data-peek=\"0\" data-autoplay=\"false\" data-height=\"400px\" data-hide-arrows=\"false\"><div class=\"glide__track\" data-glide-el=\"track\"><div class=\"glide__slides\"><div class=\"wp-block-themeisle-blocks-slider-item-wrapper glide__slide\" tabindex=\"0\"><figure><img decoding=\"async\" class=\"wp-block-themeisle-blocks-slider-item\" src=\"https:\/\/kreativna-europa.ba\/wp-content\/uploads\/slider2\/KE-dani-SLIDE.jpeg\" alt=\"\" title=\"\" data-id=\"2300\"\/><\/figure><\/div><\/div><div class=\"glide__bullets\" data-glide-el=\"controls[nav]\"><button class=\"glide__bullet\" data-glide-dir=\"=0\"><\/button><\/div><\/div><\/div>\n\n\n\n<h5 class=\"wp-block-heading\">Kulturni i kreativni sektor posljednjih nekoliko godina do\u017eivljava sna\u017ean uzlet u cijeloj Europi, a razvoj ovih sektora ve\u0107 dugi niz godina podr\u017eava Europska unija kroz svoj program Kreativna Europa.<\/h5>\n\n\n\n<p>Bosanskohercegova\u010dki desk Kreativne Europe sredi\u0161nja je to\u010dka za sve organizacije i pojedince koji \u017eele aplicirati na neki od otvorenih poziva u ovom programu, a podr\u0161ku aplikantima pru\u017eaju kroz organizaciju info sesija, radionica i online konzultacija.<\/p>\n\n\n\n<p>Ovog puta za sve kulturne organizacije, kreativce, javne institucije i poduze\u0107a u<strong>\u00a0Ljubu\u0161kom<\/strong>\u00a0organiziraju dvodnevni doga\u0111aj pod nazivom<strong><em>\u00a0Days of Creative Europe: Possibilities and potentials<\/em>\u00a0<\/strong>koji \u0107e se odr\u017eati u petak,\u00a0<strong>24. svibnja<\/strong>\u00a0i u subotu,<strong>\u00a025. svibnja<\/strong>\u00a02024. godine u suradnju s Gradom Ljubu\u0161kim i Ljubu\u0161ki Outdoor Festivalom.<\/p>\n\n\n\n<p>Program doga\u0111aja uklju\u010dit \u0107e\u00a0<strong>konferenciju<\/strong>\u00a0koja \u0107e se odr\u017eati u\u00a0<strong>Kulturnom centru<\/strong>\u00a0prvog dana kada \u0107e svi nazo\u010dni imati priliku kroz nekoliko\u00a0<strong>panel rasprava<\/strong>\u00a0\u010duti ne\u0161to vi\u0161e o prilikama koje su dostupne kulturnim organizacijama, uklju\u010divanju mladih u rad i razvoj kulturnog i kreativnog sektora te potrebnoj sinergiji turisti\u010dkog i kulturnog sektora za razvoj cjelokupnog gospodarstva.<\/p>\n\n\n\n<p>Dr<strong>ugi dio programa prvog dana<\/strong>&nbsp;bit \u0107e posve\u0107en<strong>&nbsp;radionici o upravljanju projektima<\/strong>&nbsp;u kulturnom sektoru tijekom koje \u0107e se sudionici upoznati s osnovama pripreme i implementacije projekata, poglavito onih financiranih sredstvima Europske unije kroz program Kreativna Europa.<\/p>\n\n\n\n<p><strong>Drugi dan programa<\/strong>\u00a0doga\u0111aja bit \u0107e fokusiran na\u00a0<strong>izravnu komunikacij<\/strong>u s potencijalnim aplikantima i svim zainteresiranima budu\u0107i da \u0107e predstavnici deska Kreativne Europe biti nazo\u010dni na \u0161tandu u okviru Ljubu\u0161ki Outdoor festivala koji \u0107e se u tom razdoblju odr\u017eavati<strong>\u00a0na parkingu vodopada Kravica<\/strong>.<\/p>\n\n\n\n<p>Ovaj dvodnevni doga\u0111aj ne\u0107e biti prilika samo za u\u010denje, nego i za razmjenu iskustava i umre\u017eavanje s drugim kulturnim organizacijama, \u010dak i onima iz regije budu\u0107i da se na doga\u0111aju o\u010dekuju i predstavnici deskova Kreativne Europe iz susjednih zemalja.<\/p>\n\n\n\n<p>Zato zabilje\u017eite ove datume u svojim kalendarima i poslu\u0161ajte vi\u0161e informacija o mogu\u0107nostima i potencijalima kulturnog i kreativnog sektora u Bosni i Hercegovini i regiji!&nbsp;<strong>Sudjelovanje na konferenciji je besplatno<\/strong>, a svoje mjesto mo\u017eete rezervirati slanjem svoje prijave na&nbsp;<strong><a href=\"mailto:desk@kreativna-europa.ba\" target=\"_blank\" rel=\"noreferrer noopener\">desk@kreativna-europa.ba<\/a><\/strong><\/p>","protected":false},"excerpt":{"rendered":"<p>Kulturni i kreativni sektor posljednjih nekoliko godina do\u017eivljava sna\u017ean uzlet u cijeloj Europi, a razvoj ovih sektora ve\u0107 dugi niz [&hellip;]<\/p>","protected":false},"author":1,"featured_media":3397,"comment_status":"closed","ping_status":"open","sticky":false,"template":"","format":"standard","meta":{"site-sidebar-layout":"default","site-content-layout":"","ast-site-content-layout":"default","site-content-style":"default","site-sidebar-style":"default","ast-global-header-display":"","ast-banner-title-visibility":"","ast-main-header-display":"","ast-hfb-above-header-display":"","ast-hfb-below-header-display":"","ast-hfb-mobile-header-display":"","site-post-title":"","ast-breadcrumbs-content":"","ast-featured-img":"","footer-sml-layout":"","ast-disable-related-posts":"","theme-transparent-header-meta":"","adv-header-id-meta":"","stick-header-meta":"","header-above-stick-meta":"","header-main-stick-meta":"","header-below-stick-meta":"","astra-migrate-meta-layouts":"default","ast-page-background-enabled":"default","ast-page-background-meta":{"desktop":{"background-color":"var(--ast-global-color-4)","background-image":"","background-repeat":"repeat","background-position":"center center","background-size":"auto","background-attachment":"scroll","background-type":"","background-media":"","overlay-type":"","overlay-color":"","overlay-opacity":"","overlay-gradient":""},"tablet":{"background-color":"","background-image":"","background-repeat":"repeat","background-position":"center center","background-size":"auto","background-attachment":"scroll","background-type":"","background-media":"","overlay-type":"","overlay-color":"","overlay-opacity":"","overlay-gradient":""},"mobile":{"background-color":"","background-image":"","background-repeat":"repeat","background-position":"center center","background-size":"auto","background-attachment":"scroll","background-type":"","background-media":"","overlay-type":"","overlay-color":"","overlay-opacity":"","overlay-gradient":""}},"ast-content-background-meta":{"desktop":{"background-color":"var(--ast-global-color-5)","background-image":"","background-repeat":"repeat","background-position":"center center","background-size":"auto","background-attachment":"scroll","background-type":"","background-media":"","overlay-type":"","overlay-color":"","overlay-opacity":"","overlay-gradient":""},"tablet":{"background-color":"var(--ast-global-color-5)","background-image":"","background-repeat":"repeat","background-position":"center center","background-size":"auto","background-attachment":"scroll","background-type":"","background-media":"","overlay-type":"","overlay-color":"","overlay-opacity":"","overlay-gradient":""},"mobile":{"background-color":"var(--ast-global-color-5)","background-image":"","background-repeat":"repeat","background-position":"center center","background-size":"auto","background-attachment":"scroll","background-type":"","background-media":"","overlay-type":"","overlay-color":"","overlay-opacity":"","overlay-gradient":""}},"_themeisle_gutenberg_block_has_review":false,"footnotes":""},"categories":[1],"tags":[],"class_list":["post-3191","post","type-post","status-publish","format-standard","has-post-thumbnail","hentry","category-uncategorized-hr"],"rttpg_featured_image_url":{"full":["https:\/\/kreativna-europa.ba\/wp-content\/uploads\/2024\/05\/DKE_feature-image.webp",800,600,false],"landscape":["https:\/\/kreativna-europa.ba\/wp-content\/uploads\/2024\/05\/DKE_feature-image.webp",800,600,false],"portraits":["https:\/\/kreativna-europa.ba\/wp-content\/uploads\/2024\/05\/DKE_feature-image.webp",800,600,false],"thumbnail":["https:\/\/kreativna-europa.ba\/wp-content\/uploads\/2024\/05\/DKE_feature-image-150x150.webp",150,150,true],"medium":["https:\/\/kreativna-europa.ba\/wp-content\/uploads\/2024\/05\/DKE_feature-image-300x225.webp",300,225,true],"large":["https:\/\/kreativna-europa.ba\/wp-content\/uploads\/2024\/05\/DKE_feature-image.webp",800,600,false],"1536x1536":["https:\/\/kreativna-europa.ba\/wp-content\/uploads\/2024\/05\/DKE_feature-image.webp",800,600,false],"2048x2048":["https:\/\/kreativna-europa.ba\/wp-content\/uploads\/2024\/05\/DKE_feature-image.webp",800,600,false],"trp-custom-language-flag":["https:\/\/kreativna-europa.ba\/wp-content\/uploads\/2024\/05\/DKE_feature-image-16x12.webp",16,12,true]},"rttpg_author":{"display_name":"kreativnaeuropa","author_link":"https:\/\/kreativna-europa.ba\/en\/author\/kreativnaeuropa\/"},"rttpg_comment":0,"rttpg_category":"<a href=\"https:\/\/kreativna-europa.ba\/en\/category\/uncategorized-hr\/\" rel=\"category tag\">Uncategorized @hr<\/a>","rttpg_excerpt":"Kulturni i kreativni sektor posljednjih nekoliko godina do\u017eivljava sna\u017ean uzlet u cijeloj Europi, a razvoj ovih sektora ve\u0107 dugi niz [&hellip;]","_links":{"self":[{"href":"https:\/\/kreativna-europa.ba\/en\/wp-json\/wp\/v2\/posts\/3191","targetHints":{"allow":["GET"]}}],"collection":[{"href":"https:\/\/kreativna-europa.ba\/en\/wp-json\/wp\/v2\/posts"}],"about":[{"href":"https:\/\/kreativna-europa.ba\/en\/wp-json\/wp\/v2\/types\/post"}],"author":[{"embeddable":true,"href":"https:\/\/kreativna-europa.ba\/en\/wp-json\/wp\/v2\/users\/1"}],"replies":[{"embeddable":true,"href":"https:\/\/kreativna-europa.ba\/en\/wp-json\/wp\/v2\/comments?post=3191"}],"version-history":[{"count":1,"href":"https:\/\/kreativna-europa.ba\/en\/wp-json\/wp\/v2\/posts\/3191\/revisions"}],"predecessor-version":[{"id":3674,"href":"https:\/\/kreativna-europa.ba\/en\/wp-json\/wp\/v2\/posts\/3191\/revisions\/3674"}],"wp:featuredmedia":[{"embeddable":true,"href":"https:\/\/kreativna-europa.ba\/en\/wp-json\/wp\/v2\/media\/3397"}],"wp:attachment":[{"href":"https:\/\/kreativna-europa.ba\/en\/wp-json\/wp\/v2\/media?parent=3191"}],"wp:term":[{"taxonomy":"category","embeddable":true,"href":"https:\/\/kreativna-europa.ba\/en\/wp-json\/wp\/v2\/categories?post=3191"},{"taxonomy":"post_tag","embeddable":true,"href":"https:\/\/kreativna-europa.ba\/en\/wp-json\/wp\/v2\/tags?post=3191"}],"curies":[{"name":"wp","href":"https:\/\/api.w.org\/{rel}","templated":true}]}}