{"id":3198,"date":"2024-05-25T19:03:45","date_gmt":"2024-05-25T19:03:45","guid":{"rendered":"https:\/\/kreativna-europa.ba\/?p=3198"},"modified":"2024-10-17T17:15:49","modified_gmt":"2024-10-17T17:15:49","slug":"dani-kreativne-europe-mogucnosti-i-potencijali","status":"publish","type":"post","link":"https:\/\/kreativna-europa.ba\/en\/dani-kreativne-europe-mogucnosti-i-potencijali\/","title":{"rendered":"Days of Creative Europe: Possibilities and potentials"},"content":{"rendered":"<div id=\"wp-block-themeisle-blocks-slider-28226e14\" class=\"wp-block-themeisle-blocks-slider glide\" data-per-view=\"1\" data-gap=\"0\" data-peek=\"0\" data-autoplay=\"true\" data-height=\"400px\" data-hide-arrows=\"false\"><div class=\"glide__track\" data-glide-el=\"track\"><div class=\"glide__slides\"><div class=\"wp-block-themeisle-blocks-slider-item-wrapper glide__slide\" tabindex=\"0\"><figure><img decoding=\"async\" class=\"wp-block-themeisle-blocks-slider-item\" src=\"https:\/\/kreativna-europa.ba\/wp-content\/uploads\/2024\/06\/dke.jpg\" alt=\"\" title=\"\" data-id=\"3208\"\/><\/figure><\/div><div class=\"wp-block-themeisle-blocks-slider-item-wrapper glide__slide\" tabindex=\"0\"><figure><img decoding=\"async\" class=\"wp-block-themeisle-blocks-slider-item\" src=\"https:\/\/kreativna-europa.ba\/wp-content\/uploads\/2024\/06\/dke2.jpg\" alt=\"\" title=\"\" data-id=\"3209\"\/><\/figure><\/div><div class=\"wp-block-themeisle-blocks-slider-item-wrapper glide__slide\" tabindex=\"0\"><figure><img decoding=\"async\" class=\"wp-block-themeisle-blocks-slider-item\" src=\"https:\/\/kreativna-europa.ba\/wp-content\/uploads\/2024\/06\/dke3.jpg\" alt=\"\" title=\"\" data-id=\"3210\"\/><\/figure><\/div><div class=\"wp-block-themeisle-blocks-slider-item-wrapper glide__slide\" tabindex=\"0\"><figure><img decoding=\"async\" class=\"wp-block-themeisle-blocks-slider-item\" src=\"https:\/\/kreativna-europa.ba\/wp-content\/uploads\/2024\/06\/dke4.jpg\" alt=\"\" title=\"\" data-id=\"3211\"\/><\/figure><\/div><div class=\"wp-block-themeisle-blocks-slider-item-wrapper glide__slide\" tabindex=\"0\"><figure><img decoding=\"async\" class=\"wp-block-themeisle-blocks-slider-item\" src=\"https:\/\/kreativna-europa.ba\/wp-content\/uploads\/2024\/06\/dke5.jpg\" alt=\"\" title=\"\" data-id=\"3212\"\/><\/figure><\/div><div class=\"wp-block-themeisle-blocks-slider-item-wrapper glide__slide\" tabindex=\"0\"><figure><img decoding=\"async\" class=\"wp-block-themeisle-blocks-slider-item\" src=\"https:\/\/kreativna-europa.ba\/wp-content\/uploads\/2024\/06\/dke6.jpg\" alt=\"\" title=\"\" data-id=\"3213\"\/><\/figure><\/div><div class=\"wp-block-themeisle-blocks-slider-item-wrapper glide__slide\" tabindex=\"0\"><figure><img decoding=\"async\" class=\"wp-block-themeisle-blocks-slider-item\" src=\"https:\/\/kreativna-europa.ba\/wp-content\/uploads\/2024\/06\/dke7.jpg\" alt=\"\" title=\"\" data-id=\"3214\"\/><\/figure><\/div><\/div><div class=\"glide__bullets\" data-glide-el=\"controls[nav]\"><button class=\"glide__bullet\" data-glide-dir=\"=0\"><\/button><button class=\"glide__bullet\" data-glide-dir=\"=1\"><\/button><button class=\"glide__bullet\" data-glide-dir=\"=2\"><\/button><button class=\"glide__bullet\" data-glide-dir=\"=3\"><\/button><button class=\"glide__bullet\" data-glide-dir=\"=4\"><\/button><button class=\"glide__bullet\" data-glide-dir=\"=5\"><\/button><button class=\"glide__bullet\" data-glide-dir=\"=6\"><\/button><\/div><\/div><\/div>\n\n\n\n<h5 class=\"wp-block-heading\">Dani Kreativne Europe: Mogu\u0107nosti i potencijali, dvodnevna konferencija s naglaskom na kreativni i kulturni sektor, otvorena je 24. 5. u Kulturnom centru Ljubu\u0161ki, s ciljem pribli\u017eavanja prilika ovog EU programa.<\/h5>\n\n\n\n<p>Koordinator Deska BiH za program Kreativna Europa&nbsp;<strong>Ilija Papac&nbsp;<\/strong>je pojasnio kako BiH nema to\u010dno odre\u0111enu koli\u010dinu novca koju mo\u017ee povu\u0107i nego sudjeluje<strong>&nbsp;ravnopravno s ostalim korisnicima iz Europe<\/strong>, te kako se program koji je centraliziran, prijavljuje na jedinstvenu platformu u Bruxellesu.<\/p>\n\n\n\n<p><em>Ovo je prije svega jedna od redovnih aktivnosti deska Kreativne Europe gdje smo uklju\u010dili i kolege iz Hrvatske, kako bi kroz neku radionicu, otvoreni pristup, ali i panele&nbsp;<strong>djelovali savjetodavno.<\/strong><\/em><\/p>\n\n\n\n<p><em>Mi smo tu da informiramo, da usmjerimo i poka\u017eemo da imaju neke alternative oko izvora dodatnih sredstava. Ovo je ve\u0107 drugo financijsko razdoblje gdje su potencijalni korisnici iz BiH mogli pristupiti,&nbsp;<\/em>kazao je Papac.<\/p>\n\n\n\n<p>Naglasio je kako se program provodi u novom financijskom razdoblju 2021.-2027. i nudi mogu\u0107nosti \u0161irokog spektra&nbsp;<strong>uz 2,44 milijarde eura&nbsp;<\/strong>na raspolaganju.<\/p>\n\n\n\n<p><em>Tijekom godine bude otvoreno 60-ak poziva za kulturu, za medijske umjetnike nekih 30-ak, tako da je to godi\u0161nje nekih 400 milijuna eura&nbsp;<strong>raspore\u0111eno prema pozivima<\/strong><\/em>, dodao je Papac.<\/p>\n\n\n\n<p>Upravo kroz ovakve aktivnosti, organizacije i poduze\u0107a, ali i pojedinci imaju priliku doznati ne\u0161to vi\u0161e&nbsp;<strong>o mogu\u0107nostima financiranja<\/strong>&nbsp;u sektoru koji&nbsp;<strong>do\u017eivljava sna\u017ean uzlet<\/strong>, a u prilog tome ide \u010dinjenica&nbsp;<strong>kako rast broj prijava<\/strong>, ve\u0107i je interes, pa samim time i sredstva su poja\u010dana.<\/p>\n\n\n\n<p>Osim Papca, o preprekama i izazovima kulturnog sektora govorio je pomo\u0107nik ministrice Civilnih poslova BiH za znanost i kulturu&nbsp;<strong>Suvad D\u017eafi\u0107,&nbsp;<\/strong>a iskustva iz Republike Hrvatske podijelila je i&nbsp;<strong>Anera Stopfer<\/strong>&nbsp;iz Ministarstva kulture i medija RH \u2013 Desk Kreativne Europe.<\/p>\n\n\n\n<p>Prvi dan programa obilje\u017een je kroz jo\u0161 nekoliko panel diskusija, ali i radionicom&nbsp;<strong>o upravljanju projektima,&nbsp;<\/strong>dok je drugi dan, odnosno subota, rezervirana za&nbsp;<strong>Dan otvorenih vrata Kreativne Europe&nbsp;<\/strong>na vodopadu Kravica u sklopu Ljubu\u0161kog Outdoor Festivala, gdje \u0107e posjetitelji u otvorenoj komunikaciji imati priliku doznati ne\u0161to vi\u0161e o samom programu, a ujedno i razmijeniti iskustva.<\/p>","protected":false},"excerpt":{"rendered":"<p>Dani Kreativne Europe: Mogu\u0107nosti i potencijali, dvodnevna konferencija s naglaskom na kreativni i kulturni sektor, otvorena je 24. 5. u [&hellip;]<\/p>","protected":false},"author":1,"featured_media":3398,"comment_status":"closed","ping_status":"open","sticky":false,"template":"","format":"standard","meta":{"site-sidebar-layout":"default","site-content-layout":"","ast-site-content-layout":"default","site-content-style":"default","site-sidebar-style":"default","ast-global-header-display":"","ast-banner-title-visibility":"","ast-main-header-display":"","ast-hfb-above-header-display":"","ast-hfb-below-header-display":"","ast-hfb-mobile-header-display":"","site-post-title":"","ast-breadcrumbs-content":"","ast-featured-img":"","footer-sml-layout":"","ast-disable-related-posts":"","theme-transparent-header-meta":"","adv-header-id-meta":"","stick-header-meta":"","header-above-stick-meta":"","header-main-stick-meta":"","header-below-stick-meta":"","astra-migrate-meta-layouts":"default","ast-page-background-enabled":"default","ast-page-background-meta":{"desktop":{"background-color":"var(--ast-global-color-4)","background-image":"","background-repeat":"repeat","background-position":"center center","background-size":"auto","background-attachment":"scroll","background-type":"","background-media":"","overlay-type":"","overlay-color":"","overlay-opacity":"","overlay-gradient":""},"tablet":{"background-color":"","background-image":"","background-repeat":"repeat","background-position":"center center","background-size":"auto","background-attachment":"scroll","background-type":"","background-media":"","overlay-type":"","overlay-color":"","overlay-opacity":"","overlay-gradient":""},"mobile":{"background-color":"","background-image":"","background-repeat":"repeat","background-position":"center center","background-size":"auto","background-attachment":"scroll","background-type":"","background-media":"","overlay-type":"","overlay-color":"","overlay-opacity":"","overlay-gradient":""}},"ast-content-background-meta":{"desktop":{"background-color":"var(--ast-global-color-5)","background-image":"","background-repeat":"repeat","background-position":"center center","background-size":"auto","background-attachment":"scroll","background-type":"","background-media":"","overlay-type":"","overlay-color":"","overlay-opacity":"","overlay-gradient":""},"tablet":{"background-color":"var(--ast-global-color-5)","background-image":"","background-repeat":"repeat","background-position":"center center","background-size":"auto","background-attachment":"scroll","background-type":"","background-media":"","overlay-type":"","overlay-color":"","overlay-opacity":"","overlay-gradient":""},"mobile":{"background-color":"var(--ast-global-color-5)","background-image":"","background-repeat":"repeat","background-position":"center center","background-size":"auto","background-attachment":"scroll","background-type":"","background-media":"","overlay-type":"","overlay-color":"","overlay-opacity":"","overlay-gradient":""}},"_themeisle_gutenberg_block_has_review":false,"footnotes":""},"categories":[1],"tags":[],"class_list":["post-3198","post","type-post","status-publish","format-standard","has-post-thumbnail","hentry","category-uncategorized-hr"],"rttpg_featured_image_url":{"full":["https:\/\/kreativna-europa.ba\/wp-content\/uploads\/2024\/05\/dkelj2024.webp",800,600,false],"landscape":["https:\/\/kreativna-europa.ba\/wp-content\/uploads\/2024\/05\/dkelj2024.webp",800,600,false],"portraits":["https:\/\/kreativna-europa.ba\/wp-content\/uploads\/2024\/05\/dkelj2024.webp",800,600,false],"thumbnail":["https:\/\/kreativna-europa.ba\/wp-content\/uploads\/2024\/05\/dkelj2024-150x150.webp",150,150,true],"medium":["https:\/\/kreativna-europa.ba\/wp-content\/uploads\/2024\/05\/dkelj2024-300x225.webp",300,225,true],"large":["https:\/\/kreativna-europa.ba\/wp-content\/uploads\/2024\/05\/dkelj2024.webp",800,600,false],"1536x1536":["https:\/\/kreativna-europa.ba\/wp-content\/uploads\/2024\/05\/dkelj2024.webp",800,600,false],"2048x2048":["https:\/\/kreativna-europa.ba\/wp-content\/uploads\/2024\/05\/dkelj2024.webp",800,600,false],"trp-custom-language-flag":["https:\/\/kreativna-europa.ba\/wp-content\/uploads\/2024\/05\/dkelj2024-16x12.webp",16,12,true]},"rttpg_author":{"display_name":"kreativnaeuropa","author_link":"https:\/\/kreativna-europa.ba\/en\/author\/kreativnaeuropa\/"},"rttpg_comment":0,"rttpg_category":"<a href=\"https:\/\/kreativna-europa.ba\/en\/category\/uncategorized-hr\/\" rel=\"category tag\">Uncategorized @hr<\/a>","rttpg_excerpt":"Dani Kreativne Europe: Mogu\u0107nosti i potencijali, dvodnevna konferencija s naglaskom na kreativni i kulturni sektor, otvorena je 24. 5. u [&hellip;]","_links":{"self":[{"href":"https:\/\/kreativna-europa.ba\/en\/wp-json\/wp\/v2\/posts\/3198","targetHints":{"allow":["GET"]}}],"collection":[{"href":"https:\/\/kreativna-europa.ba\/en\/wp-json\/wp\/v2\/posts"}],"about":[{"href":"https:\/\/kreativna-europa.ba\/en\/wp-json\/wp\/v2\/types\/post"}],"author":[{"embeddable":true,"href":"https:\/\/kreativna-europa.ba\/en\/wp-json\/wp\/v2\/users\/1"}],"replies":[{"embeddable":true,"href":"https:\/\/kreativna-europa.ba\/en\/wp-json\/wp\/v2\/comments?post=3198"}],"version-history":[{"count":1,"href":"https:\/\/kreativna-europa.ba\/en\/wp-json\/wp\/v2\/posts\/3198\/revisions"}],"predecessor-version":[{"id":3631,"href":"https:\/\/kreativna-europa.ba\/en\/wp-json\/wp\/v2\/posts\/3198\/revisions\/3631"}],"wp:featuredmedia":[{"embeddable":true,"href":"https:\/\/kreativna-europa.ba\/en\/wp-json\/wp\/v2\/media\/3398"}],"wp:attachment":[{"href":"https:\/\/kreativna-europa.ba\/en\/wp-json\/wp\/v2\/media?parent=3198"}],"wp:term":[{"taxonomy":"category","embeddable":true,"href":"https:\/\/kreativna-europa.ba\/en\/wp-json\/wp\/v2\/categories?post=3198"},{"taxonomy":"post_tag","embeddable":true,"href":"https:\/\/kreativna-europa.ba\/en\/wp-json\/wp\/v2\/tags?post=3198"}],"curies":[{"name":"wp","href":"https:\/\/api.w.org\/{rel}","templated":true}]}}