{"id":4111,"date":"2025-04-10T07:17:25","date_gmt":"2025-04-10T07:17:25","guid":{"rendered":"https:\/\/kreativna-europa.ba\/?p=4111"},"modified":"2025-04-10T07:17:25","modified_gmt":"2025-04-10T07:17:25","slug":"uspjesno-odrzana-radionica-kreativne-europe-u-capljini-mogucnosti-za-kulturne-i-kreativne-projekte","status":"publish","type":"post","link":"https:\/\/kreativna-europa.ba\/en\/uspjesno-odrzana-radionica-kreativne-europe-u-capljini-mogucnosti-za-kulturne-i-kreativne-projekte\/","title":{"rendered":"Creative Europe workshop successfully held in \u010capljina: Opportunities for cultural and creative projects"},"content":{"rendered":"<div id=\"wp-block-themeisle-blocks-slider-fad5fc88\" class=\"wp-block-themeisle-blocks-slider glide\" data-per-view=\"1\" data-gap=\"0\" data-peek=\"0\" data-autoplay=\"true\" data-height=\"600px\" data-hide-arrows=\"false\"><div class=\"glide__track\" data-glide-el=\"track\"><div class=\"glide__slides\"><div class=\"wp-block-themeisle-blocks-slider-item-wrapper glide__slide\" tabindex=\"0\"><figure><img decoding=\"async\" class=\"wp-block-themeisle-blocks-slider-item\" src=\"https:\/\/kreativna-europa.ba\/wp-content\/uploads\/2025\/04\/1.jpg\" alt=\"\" title=\"\" data-id=\"4117\"\/><\/figure><\/div><div class=\"wp-block-themeisle-blocks-slider-item-wrapper glide__slide\" tabindex=\"0\"><figure><img decoding=\"async\" class=\"wp-block-themeisle-blocks-slider-item\" src=\"https:\/\/kreativna-europa.ba\/wp-content\/uploads\/2025\/04\/2.jpg\" alt=\"\" title=\"\" data-id=\"4116\"\/><\/figure><\/div><div class=\"wp-block-themeisle-blocks-slider-item-wrapper glide__slide\" tabindex=\"0\"><figure><img decoding=\"async\" class=\"wp-block-themeisle-blocks-slider-item\" src=\"https:\/\/kreativna-europa.ba\/wp-content\/uploads\/2025\/04\/3.jpg\" alt=\"\" title=\"\" data-id=\"4113\"\/><\/figure><\/div><div class=\"wp-block-themeisle-blocks-slider-item-wrapper glide__slide\" tabindex=\"0\"><figure><img decoding=\"async\" class=\"wp-block-themeisle-blocks-slider-item\" src=\"https:\/\/kreativna-europa.ba\/wp-content\/uploads\/2025\/04\/6.jpg\" alt=\"\" title=\"\" data-id=\"4112\"\/><\/figure><\/div><div class=\"wp-block-themeisle-blocks-slider-item-wrapper glide__slide\" tabindex=\"0\"><figure><img decoding=\"async\" class=\"wp-block-themeisle-blocks-slider-item\" src=\"https:\/\/kreativna-europa.ba\/wp-content\/uploads\/2025\/04\/9.jpg\" alt=\"\" title=\"\" data-id=\"4115\"\/><\/figure><\/div><div class=\"wp-block-themeisle-blocks-slider-item-wrapper glide__slide\" tabindex=\"0\"><figure><img decoding=\"async\" class=\"wp-block-themeisle-blocks-slider-item\" src=\"https:\/\/kreativna-europa.ba\/wp-content\/uploads\/2025\/04\/10.jpg\" alt=\"\" title=\"\" data-id=\"4114\"\/><\/figure><\/div><div class=\"wp-block-themeisle-blocks-slider-item-wrapper glide__slide\" tabindex=\"0\"><figure><img decoding=\"async\" class=\"wp-block-themeisle-blocks-slider-item\" src=\"https:\/\/kreativna-europa.ba\/wp-content\/uploads\/2025\/04\/Kreativna-Europa-2-scaled-1.jpg\" alt=\"\" title=\"\" data-id=\"4118\"\/><\/figure><\/div><div class=\"wp-block-themeisle-blocks-slider-item-wrapper glide__slide\" tabindex=\"0\"><figure><img decoding=\"async\" class=\"wp-block-themeisle-blocks-slider-item\" src=\"https:\/\/kreativna-europa.ba\/wp-content\/uploads\/2025\/04\/Kreativna-Europa-6-scaled-1.jpg\" alt=\"\" title=\"\" data-id=\"4119\"\/><\/figure><\/div><\/div><div class=\"glide__bullets\" data-glide-el=\"controls[nav]\"><button class=\"glide__bullet\" data-glide-dir=\"=0\"><\/button><button class=\"glide__bullet\" data-glide-dir=\"=1\"><\/button><button class=\"glide__bullet\" data-glide-dir=\"=2\"><\/button><button class=\"glide__bullet\" data-glide-dir=\"=3\"><\/button><button class=\"glide__bullet\" data-glide-dir=\"=4\"><\/button><button class=\"glide__bullet\" data-glide-dir=\"=5\"><\/button><button class=\"glide__bullet\" data-glide-dir=\"=6\"><\/button><button class=\"glide__bullet\" data-glide-dir=\"=7\"><\/button><\/div><\/div><\/div>\n\n\n\n<div style=\"height:39px\" aria-hidden=\"true\" class=\"wp-block-spacer\"><\/div>\n\n\n\n<p>In cooperation with the City of \u010capljina, led by the Mayor of \u010capljina, Ms. Iva Ragu\u017e, a workshop of the Creative Europe program was held, intended to inform and support cultural and creative organizations in applying for EU projects. &nbsp;<\/p>\n\n\n\n<p>In addition to the presentation of the Creative Europe program, the workshop included training on project writing, rules and guidelines as well as the application form itself.&nbsp;<\/p>\n\n\n\n<p>Through concrete and practical examples, we brought the process of applying to a project closer to the participants, from the very method of applying to projects, managing budgets, looking for partners, and other aspects.&nbsp;<\/p>\n\n\n\n<p>We would like to thank all participants for their time, enthusiasm and interaction during the workshop, and we express special gratitude to the Mayor of the City of \u010capljina, Ms. Iva Ragu\u017e, and her advisor, Ms. Julijana Mikuli\u0107 Jurkovi\u0107, for their support and assistance in organizing this workshop. Thanks to their engagement, the workshop provided useful information and new networking opportunities for all participants. &nbsp;<\/p>\n\n\n\n<p>We wish all participants much success in the implementation of future projects, and for additional information or assistance, please contact us at our official email. <a href=\"mailto:desk@kreativna-europa.ba\">desk@kreativna-europa.ba<\/a> or through social networks.<\/p>\n\n\n\n<p><\/p>","protected":false},"excerpt":{"rendered":"<p>U suradnji s Gradom \u010capljina na \u010delu s gradona\u010delnicom \u010capljine gospo\u0111om Ivom Ragu\u017e, odr\u017eana je radionica programa Kreativne Europe, namijenjena [&hellip;]<\/p>","protected":false},"author":1,"featured_media":4120,"comment_status":"closed","ping_status":"open","sticky":false,"template":"","format":"standard","meta":{"site-sidebar-layout":"default","site-content-layout":"","ast-site-content-layout":"default","site-content-style":"default","site-sidebar-style":"default","ast-global-header-display":"","ast-banner-title-visibility":"","ast-main-header-display":"","ast-hfb-above-header-display":"","ast-hfb-below-header-display":"","ast-hfb-mobile-header-display":"","site-post-title":"","ast-breadcrumbs-content":"","ast-featured-img":"","footer-sml-layout":"","ast-disable-related-posts":"","theme-transparent-header-meta":"","adv-header-id-meta":"","stick-header-meta":"","header-above-stick-meta":"","header-main-stick-meta":"","header-below-stick-meta":"","astra-migrate-meta-layouts":"default","ast-page-background-enabled":"default","ast-page-background-meta":{"desktop":{"background-color":"var(--ast-global-color-4)","background-image":"","background-repeat":"repeat","background-position":"center center","background-size":"auto","background-attachment":"scroll","background-type":"","background-media":"","overlay-type":"","overlay-color":"","overlay-opacity":"","overlay-gradient":""},"tablet":{"background-color":"","background-image":"","background-repeat":"repeat","background-position":"center center","background-size":"auto","background-attachment":"scroll","background-type":"","background-media":"","overlay-type":"","overlay-color":"","overlay-opacity":"","overlay-gradient":""},"mobile":{"background-color":"","background-image":"","background-repeat":"repeat","background-position":"center center","background-size":"auto","background-attachment":"scroll","background-type":"","background-media":"","overlay-type":"","overlay-color":"","overlay-opacity":"","overlay-gradient":""}},"ast-content-background-meta":{"desktop":{"background-color":"var(--ast-global-color-5)","background-image":"","background-repeat":"repeat","background-position":"center center","background-size":"auto","background-attachment":"scroll","background-type":"","background-media":"","overlay-type":"","overlay-color":"","overlay-opacity":"","overlay-gradient":""},"tablet":{"background-color":"var(--ast-global-color-5)","background-image":"","background-repeat":"repeat","background-position":"center center","background-size":"auto","background-attachment":"scroll","background-type":"","background-media":"","overlay-type":"","overlay-color":"","overlay-opacity":"","overlay-gradient":""},"mobile":{"background-color":"var(--ast-global-color-5)","background-image":"","background-repeat":"repeat","background-position":"center center","background-size":"auto","background-attachment":"scroll","background-type":"","background-media":"","overlay-type":"","overlay-color":"","overlay-opacity":"","overlay-gradient":""}},"_themeisle_gutenberg_block_has_review":false,"footnotes":""},"categories":[1],"tags":[],"class_list":["post-4111","post","type-post","status-publish","format-standard","has-post-thumbnail","hentry","category-uncategorized-hr"],"rttpg_featured_image_url":{"full":["https:\/\/kreativna-europa.ba\/wp-content\/uploads\/2025\/04\/capljina-th.jpg",800,600,false],"landscape":["https:\/\/kreativna-europa.ba\/wp-content\/uploads\/2025\/04\/capljina-th.jpg",800,600,false],"portraits":["https:\/\/kreativna-europa.ba\/wp-content\/uploads\/2025\/04\/capljina-th.jpg",800,600,false],"thumbnail":["https:\/\/kreativna-europa.ba\/wp-content\/uploads\/2025\/04\/capljina-th-150x150.jpg",150,150,true],"medium":["https:\/\/kreativna-europa.ba\/wp-content\/uploads\/2025\/04\/capljina-th-300x225.jpg",300,225,true],"large":["https:\/\/kreativna-europa.ba\/wp-content\/uploads\/2025\/04\/capljina-th.jpg",800,600,false],"1536x1536":["https:\/\/kreativna-europa.ba\/wp-content\/uploads\/2025\/04\/capljina-th.jpg",800,600,false],"2048x2048":["https:\/\/kreativna-europa.ba\/wp-content\/uploads\/2025\/04\/capljina-th.jpg",800,600,false],"trp-custom-language-flag":["https:\/\/kreativna-europa.ba\/wp-content\/uploads\/2025\/04\/capljina-th-16x12.jpg",16,12,true]},"rttpg_author":{"display_name":"kreativnaeuropa","author_link":"https:\/\/kreativna-europa.ba\/en\/author\/kreativnaeuropa\/"},"rttpg_comment":0,"rttpg_category":"<a href=\"https:\/\/kreativna-europa.ba\/en\/category\/uncategorized-hr\/\" rel=\"category tag\">Uncategorized @hr<\/a>","rttpg_excerpt":"U suradnji s Gradom \u010capljina na \u010delu s gradona\u010delnicom \u010capljine gospo\u0111om Ivom Ragu\u017e, odr\u017eana je radionica programa Kreativne Europe, namijenjena [&hellip;]","_links":{"self":[{"href":"https:\/\/kreativna-europa.ba\/en\/wp-json\/wp\/v2\/posts\/4111","targetHints":{"allow":["GET"]}}],"collection":[{"href":"https:\/\/kreativna-europa.ba\/en\/wp-json\/wp\/v2\/posts"}],"about":[{"href":"https:\/\/kreativna-europa.ba\/en\/wp-json\/wp\/v2\/types\/post"}],"author":[{"embeddable":true,"href":"https:\/\/kreativna-europa.ba\/en\/wp-json\/wp\/v2\/users\/1"}],"replies":[{"embeddable":true,"href":"https:\/\/kreativna-europa.ba\/en\/wp-json\/wp\/v2\/comments?post=4111"}],"version-history":[{"count":1,"href":"https:\/\/kreativna-europa.ba\/en\/wp-json\/wp\/v2\/posts\/4111\/revisions"}],"predecessor-version":[{"id":4121,"href":"https:\/\/kreativna-europa.ba\/en\/wp-json\/wp\/v2\/posts\/4111\/revisions\/4121"}],"wp:featuredmedia":[{"embeddable":true,"href":"https:\/\/kreativna-europa.ba\/en\/wp-json\/wp\/v2\/media\/4120"}],"wp:attachment":[{"href":"https:\/\/kreativna-europa.ba\/en\/wp-json\/wp\/v2\/media?parent=4111"}],"wp:term":[{"taxonomy":"category","embeddable":true,"href":"https:\/\/kreativna-europa.ba\/en\/wp-json\/wp\/v2\/categories?post=4111"},{"taxonomy":"post_tag","embeddable":true,"href":"https:\/\/kreativna-europa.ba\/en\/wp-json\/wp\/v2\/tags?post=4111"}],"curies":[{"name":"wp","href":"https:\/\/api.w.org\/{rel}","templated":true}]}}