{"id":4123,"date":"2025-04-17T07:43:21","date_gmt":"2025-04-17T07:43:21","guid":{"rendered":"https:\/\/kreativna-europa.ba\/?p=4123"},"modified":"2025-04-17T07:43:21","modified_gmt":"2025-04-17T07:43:21","slug":"otvorene-prijave-za-12-izdanje-young-horizons-iff-i-9-izdanje-young-horizons-industry","status":"publish","type":"post","link":"https:\/\/kreativna-europa.ba\/en\/otvorene-prijave-za-12-izdanje-young-horizons-iff-i-9-izdanje-young-horizons-industry\/","title":{"rendered":"Otvorene prijave za 12. izdanje Young Horizons IFF i 9. izdanje Young Horizons Industry!"},"content":{"rendered":"<hr class=\"wp-block-separator has-alpha-channel-opacity is-style-wide\"\/>\n\n\n\n<figure class=\"wp-block-image size-full\"><img fetchpriority=\"high\" decoding=\"async\" width=\"1200\" height=\"400\" src=\"https:\/\/kreativna-europa.ba\/wp-content\/uploads\/2025\/04\/cover.jpg\" alt=\"\" class=\"wp-image-4124\" style=\"object-fit:cover\" srcset=\"https:\/\/kreativna-europa.ba\/wp-content\/uploads\/2025\/04\/cover.jpg 1200w, https:\/\/kreativna-europa.ba\/wp-content\/uploads\/2025\/04\/cover-300x100.jpg 300w, https:\/\/kreativna-europa.ba\/wp-content\/uploads\/2025\/04\/cover-1024x341.jpg 1024w, https:\/\/kreativna-europa.ba\/wp-content\/uploads\/2025\/04\/cover-768x256.jpg 768w, https:\/\/kreativna-europa.ba\/wp-content\/uploads\/2025\/04\/cover-18x6.jpg 18w\" sizes=\"(max-width: 1200px) 100vw, 1200px\" \/><\/figure>\n\n\n\n<div style=\"height:50px\" aria-hidden=\"true\" class=\"wp-block-spacer\"><\/div>\n\n\n\n<p>Tra\u017eite koproducente i partnere za svoj filmski ili serijski projekt za mladu publiku? Prijavite svoj projekt na&nbsp;<strong>9. izdanje Young Horizons Industry<\/strong>, me\u0111unarodni koprodukcijski forum!<br>Ili ve\u0107 imate dovr\u0161en film namijenjen mladima? U tom slu\u010daju, prijavite ga na&nbsp;<strong>12. izdanje festivala Young Horizons<\/strong>&nbsp;\u2013 najve\u0107i filmski festival za djecu i mlade u Poljskoj.<\/p>\n\n\n\n<hr class=\"wp-block-separator has-alpha-channel-opacity\"\/>\n\n\n\n<h3 class=\"wp-block-heading\">Prijavite svoj projekt na Young Horizons Industry<\/h3>\n\n\n\n<p><strong>9. izdanje me\u0111unarodnog koprodukcijskog foruma Young Horizons Industry<\/strong>&nbsp;odr\u017eat \u0107e se od&nbsp;<strong>29. rujna do 1. listopada 2025.<\/strong>&nbsp;u&nbsp;<strong>Var\u0161avi (Poljska)<\/strong>&nbsp;i online, kao dio industrijskog segmenta festivala Young Horizons.<\/p>\n\n\n\n<p>Za pitching sesije primamo prijave&nbsp;<strong>cjelove\u010dernjih filmova i serija za mladu publiku<\/strong>, svih vrsta i u razli\u010ditim fazama razvoja i produkcije, koji tra\u017ee&nbsp;<strong>koproducente i poslovne partnere<\/strong>.<\/p>\n\n\n\n<p>Bit \u0107e odabrano&nbsp;<strong>20 projekata<\/strong>&nbsp;koji \u0107e se predstaviti pred vi\u0161e od&nbsp;<strong>300 me\u0111unarodnih gostiju<\/strong>, unutar pitching sekcija:<\/p>\n\n\n\n<ul class=\"wp-block-list\">\n<li>In Development<\/li>\n\n\n\n<li>Work in Progress<\/li>\n\n\n\n<li>Market Presentation<\/li>\n<\/ul>\n\n\n\n<p>Svaka prezentacija bit \u0107e pra\u0107ena Q&amp;A sesijom i individualnim sastancima s potencijalnim koproducentima, prodajnim agentima, distributerima i TV ku\u0107ama.<\/p>\n\n\n\n<p>Rok za prijavu projekata:\u00a0<strong>11. svibnja 2025.<\/strong><br>Prijava je besplatna.<br>Prijavi projekt:\u00a0<a class=\"\" href=\"https:\/\/industry.younghorizons.pl\/submit-your-project\">industry.younghorizons.pl\/submit-your-project<\/a><br>Kontakt:\u00a0<a class=\"\">magda.wylezalek@nowehoryzonty.pl<\/a><\/p>\n\n\n\n<h3 class=\"wp-block-heading\"> Prijavite film na festival Young Horizons<\/h3>\n\n\n\n<p><strong>12. izdanje Me\u0111unarodnog filmskog festivala Young Horizons<\/strong>&nbsp;odr\u017eat \u0107e se od&nbsp;<strong>26. rujna do 5. listopada 2025.<\/strong>&nbsp;u kinima u&nbsp;<strong>Var\u0161avi i Wroc\u0142awu<\/strong>, te&nbsp;<strong>od 9. do 26. listopada 2025. online<\/strong>.<\/p>\n\n\n\n<p>Festival tra\u017ei&nbsp;<strong>kratke i dugometra\u017ene filmove<\/strong>&nbsp;za djecu i mlade (dob: 4\u201316 godina), uklju\u010duju\u0107i animacije, igrane i dokumentarne filmove iz cijelog svijeta. Filmovi \u0107e se prikazivati u&nbsp;<strong>natjecateljskim i nenatjecateljskim sekcijama<\/strong>, o \u010demu odlu\u010duje selekcijski odbor festivala.<\/p>\n\n\n\n<p>Rok za prijavu:\u00a0<strong>11. svibnja 2025.<\/strong><br>Prijava putem obrasca na:<br><a class=\"\" href=\"https:\/\/festiwal.mlodehoryzonty.pl\/en\/news\/calls-for-entries-to-the-12th-young-horizons-iff-and-9th-young-horizons-industry-are-now-open\/\">festiwal.mlodehoryzonty.pl<\/a><br> Mogu\u0107e je prijaviti do\u00a0<strong>tri filma<\/strong>, a prijava je\u00a0<strong>besplatna<\/strong>.<br>Kontakt:\u00a0<a class=\"\">hanna.wereszczynska@nowehoryzonty.pl<\/a><\/p>","protected":false},"excerpt":{"rendered":"<p>Tra\u017eite koproducente i partnere za svoj filmski ili serijski projekt za mladu publiku? Prijavite svoj projekt na&nbsp;9. izdanje Young Horizons [&hellip;]<\/p>","protected":false},"author":1,"featured_media":4125,"comment_status":"closed","ping_status":"open","sticky":false,"template":"","format":"standard","meta":{"site-sidebar-layout":"no-sidebar","site-content-layout":"","ast-site-content-layout":"default","site-content-style":"default","site-sidebar-style":"default","ast-global-header-display":"","ast-banner-title-visibility":"","ast-main-header-display":"","ast-hfb-above-header-display":"","ast-hfb-below-header-display":"","ast-hfb-mobile-header-display":"","site-post-title":"","ast-breadcrumbs-content":"","ast-featured-img":"","footer-sml-layout":"","ast-disable-related-posts":"","theme-transparent-header-meta":"","adv-header-id-meta":"","stick-header-meta":"","header-above-stick-meta":"","header-main-stick-meta":"","header-below-stick-meta":"","astra-migrate-meta-layouts":"default","ast-page-background-enabled":"default","ast-page-background-meta":{"desktop":{"background-color":"var(--ast-global-color-4)","background-image":"","background-repeat":"repeat","background-position":"center center","background-size":"auto","background-attachment":"scroll","background-type":"","background-media":"","overlay-type":"","overlay-color":"","overlay-opacity":"","overlay-gradient":""},"tablet":{"background-color":"","background-image":"","background-repeat":"repeat","background-position":"center center","background-size":"auto","background-attachment":"scroll","background-type":"","background-media":"","overlay-type":"","overlay-color":"","overlay-opacity":"","overlay-gradient":""},"mobile":{"background-color":"","background-image":"","background-repeat":"repeat","background-position":"center center","background-size":"auto","background-attachment":"scroll","background-type":"","background-media":"","overlay-type":"","overlay-color":"","overlay-opacity":"","overlay-gradient":""}},"ast-content-background-meta":{"desktop":{"background-color":"var(--ast-global-color-5)","background-image":"","background-repeat":"repeat","background-position":"center center","background-size":"auto","background-attachment":"scroll","background-type":"","background-media":"","overlay-type":"","overlay-color":"","overlay-opacity":"","overlay-gradient":""},"tablet":{"background-color":"var(--ast-global-color-5)","background-image":"","background-repeat":"repeat","background-position":"center center","background-size":"auto","background-attachment":"scroll","background-type":"","background-media":"","overlay-type":"","overlay-color":"","overlay-opacity":"","overlay-gradient":""},"mobile":{"background-color":"var(--ast-global-color-5)","background-image":"","background-repeat":"repeat","background-position":"center center","background-size":"auto","background-attachment":"scroll","background-type":"","background-media":"","overlay-type":"","overlay-color":"","overlay-opacity":"","overlay-gradient":""}},"_themeisle_gutenberg_block_has_review":false,"footnotes":""},"categories":[64],"tags":[66,65],"class_list":["post-4123","post","type-post","status-publish","format-standard","has-post-thumbnail","hentry","category-pozivi","tag-media","tag-pozivi"],"rttpg_featured_image_url":{"full":["https:\/\/kreativna-europa.ba\/wp-content\/uploads\/2025\/04\/younghorizonsth.jpg",720,400,false],"landscape":["https:\/\/kreativna-europa.ba\/wp-content\/uploads\/2025\/04\/younghorizonsth.jpg",720,400,false],"portraits":["https:\/\/kreativna-europa.ba\/wp-content\/uploads\/2025\/04\/younghorizonsth.jpg",720,400,false],"thumbnail":["https:\/\/kreativna-europa.ba\/wp-content\/uploads\/2025\/04\/younghorizonsth-150x150.jpg",150,150,true],"medium":["https:\/\/kreativna-europa.ba\/wp-content\/uploads\/2025\/04\/younghorizonsth-300x167.jpg",300,167,true],"large":["https:\/\/kreativna-europa.ba\/wp-content\/uploads\/2025\/04\/younghorizonsth.jpg",720,400,false],"1536x1536":["https:\/\/kreativna-europa.ba\/wp-content\/uploads\/2025\/04\/younghorizonsth.jpg",720,400,false],"2048x2048":["https:\/\/kreativna-europa.ba\/wp-content\/uploads\/2025\/04\/younghorizonsth.jpg",720,400,false],"trp-custom-language-flag":["https:\/\/kreativna-europa.ba\/wp-content\/uploads\/2025\/04\/younghorizonsth-18x10.jpg",18,10,true]},"rttpg_author":{"display_name":"kreativnaeuropa","author_link":"https:\/\/kreativna-europa.ba\/en\/author\/kreativnaeuropa\/"},"rttpg_comment":0,"rttpg_category":"<a href=\"https:\/\/kreativna-europa.ba\/en\/category\/pozivi\/\" rel=\"category tag\">Pozivi<\/a>","rttpg_excerpt":"Tra\u017eite koproducente i partnere za svoj filmski ili serijski projekt za mladu publiku? Prijavite svoj projekt na&nbsp;9. izdanje Young Horizons [&hellip;]","_links":{"self":[{"href":"https:\/\/kreativna-europa.ba\/en\/wp-json\/wp\/v2\/posts\/4123","targetHints":{"allow":["GET"]}}],"collection":[{"href":"https:\/\/kreativna-europa.ba\/en\/wp-json\/wp\/v2\/posts"}],"about":[{"href":"https:\/\/kreativna-europa.ba\/en\/wp-json\/wp\/v2\/types\/post"}],"author":[{"embeddable":true,"href":"https:\/\/kreativna-europa.ba\/en\/wp-json\/wp\/v2\/users\/1"}],"replies":[{"embeddable":true,"href":"https:\/\/kreativna-europa.ba\/en\/wp-json\/wp\/v2\/comments?post=4123"}],"version-history":[{"count":1,"href":"https:\/\/kreativna-europa.ba\/en\/wp-json\/wp\/v2\/posts\/4123\/revisions"}],"predecessor-version":[{"id":4126,"href":"https:\/\/kreativna-europa.ba\/en\/wp-json\/wp\/v2\/posts\/4123\/revisions\/4126"}],"wp:featuredmedia":[{"embeddable":true,"href":"https:\/\/kreativna-europa.ba\/en\/wp-json\/wp\/v2\/media\/4125"}],"wp:attachment":[{"href":"https:\/\/kreativna-europa.ba\/en\/wp-json\/wp\/v2\/media?parent=4123"}],"wp:term":[{"taxonomy":"category","embeddable":true,"href":"https:\/\/kreativna-europa.ba\/en\/wp-json\/wp\/v2\/categories?post=4123"},{"taxonomy":"post_tag","embeddable":true,"href":"https:\/\/kreativna-europa.ba\/en\/wp-json\/wp\/v2\/tags?post=4123"}],"curies":[{"name":"wp","href":"https:\/\/api.w.org\/{rel}","templated":true}]}}