{"id":4175,"date":"2025-08-08T13:21:23","date_gmt":"2025-08-08T13:21:23","guid":{"rendered":"https:\/\/kreativna-europa.ba\/?p=4175"},"modified":"2025-08-08T13:21:23","modified_gmt":"2025-08-08T13:21:23","slug":"u-brckom-postavljena-izlozba-plakata-bh-filmova-u-muzeju-brcko-distrikta-bih","status":"publish","type":"post","link":"https:\/\/kreativna-europa.ba\/en\/u-brckom-postavljena-izlozba-plakata-bh-filmova-u-muzeju-brcko-distrikta-bih\/","title":{"rendered":"U Br\u010dkom postavljena izlo\u017eba plakata bh. filmova u Muzeju Br\u010dko distrikta BiH"},"content":{"rendered":"<div id=\"wp-block-themeisle-blocks-slider-fad5fc88\" class=\"wp-block-themeisle-blocks-slider glide\" data-per-view=\"1\" data-gap=\"0\" data-peek=\"0\" data-autoplay=\"true\" data-height=\"600px\" data-hide-arrows=\"false\"><div class=\"glide__track\" data-glide-el=\"track\"><div class=\"glide__slides\"><div class=\"wp-block-themeisle-blocks-slider-item-wrapper glide__slide\" tabindex=\"0\"><figure><img decoding=\"async\" class=\"wp-block-themeisle-blocks-slider-item\" src=\"https:\/\/kreativna-europa.ba\/wp-content\/uploads\/2025\/08\/BRCKO1.jpg\" alt=\"\" title=\"\" data-id=\"4180\"\/><\/figure><\/div><div class=\"wp-block-themeisle-blocks-slider-item-wrapper glide__slide\" tabindex=\"0\"><figure><img decoding=\"async\" class=\"wp-block-themeisle-blocks-slider-item\" src=\"https:\/\/kreativna-europa.ba\/wp-content\/uploads\/2025\/08\/BRCKO5.jpg\" alt=\"\" title=\"\" data-id=\"4176\"\/><\/figure><\/div><div class=\"wp-block-themeisle-blocks-slider-item-wrapper glide__slide\" tabindex=\"0\"><figure><img decoding=\"async\" class=\"wp-block-themeisle-blocks-slider-item\" src=\"https:\/\/kreativna-europa.ba\/wp-content\/uploads\/2025\/08\/BRCKO4.jpg\" alt=\"\" title=\"\" data-id=\"4179\"\/><\/figure><\/div><div class=\"wp-block-themeisle-blocks-slider-item-wrapper glide__slide\" tabindex=\"0\"><figure><img decoding=\"async\" class=\"wp-block-themeisle-blocks-slider-item\" src=\"https:\/\/kreativna-europa.ba\/wp-content\/uploads\/2025\/08\/BRCKO3.jpg\" alt=\"\" title=\"\" data-id=\"4177\"\/><\/figure><\/div><div class=\"wp-block-themeisle-blocks-slider-item-wrapper glide__slide\" tabindex=\"0\"><figure><img decoding=\"async\" class=\"wp-block-themeisle-blocks-slider-item\" src=\"https:\/\/kreativna-europa.ba\/wp-content\/uploads\/2025\/08\/BRCKO2.jpg\" alt=\"\" title=\"\" data-id=\"4178\"\/><\/figure><\/div><\/div><div class=\"glide__bullets\" data-glide-el=\"controls[nav]\"><button class=\"glide__bullet\" data-glide-dir=\"=0\"><\/button><button class=\"glide__bullet\" data-glide-dir=\"=1\"><\/button><button class=\"glide__bullet\" data-glide-dir=\"=2\"><\/button><button class=\"glide__bullet\" data-glide-dir=\"=3\"><\/button><button class=\"glide__bullet\" data-glide-dir=\"=4\"><\/button><\/div><\/div><\/div>\n\n\n\n<div style=\"height:39px\" aria-hidden=\"true\" class=\"wp-block-spacer\"><\/div>\n\n\n\n<p>Kinoteka Bosne i Hercegovine je u saradnji sa Muzejom Br\u010dko distrikta BiH i Odjeljenjem za privredni razvoj, sport i kulturu Vlade Br\u010dko distrikta BiH postavila \u201eIzlo\u017ebu plakata bh. filmova\u201c (1951\u20132012.) u Muzeju Br\u010dko distrikta BiH. Na otvorenju izlo\u017ebe 5.8.2025. godine su se obratili Enida Murselovi\u0107, vi\u0161a stru\u010dna saradnica za arheologiju, iz Muzeja Br\u010dko distrikta BiH i v.d. direktorica Kinoteke BiH Devleta Filipovi\u0107.&nbsp;<\/p>\n\n\n\n<p>Na izlo\u017ebi se mo\u017ee pogledati 50 pa\u017eljivo odabranih plakata nastalih u Bosni i Hercegovini u razdoblju od 1951. do 2012. godine. Oni nisu samo vizuelne najave filmskih ostvarenja, ve\u0107 su i dragocjeni svjedoci razvoja bosanskohercegova\u010dke kinematografije \u2013 od pedesetih godina pro\u0161log stolje\u0107a do savremenog doba. Posjetioci izlo\u017ebe mogu se upoznati sa razvojem grafi\u010dkog dizajna u filmskoj umjetnosti \u2013 od ranih, ru\u010dno crtanih i bojenih, preko kombinacije ilustracija i fotografija do modernijih dizajnerskih rje\u0161enja koja oblikuju filmsku radnju vizuelnim jezikom. Zanimljivo je da se u recentnoj produkciji poneki autori vra\u0107aju ilustraciji, kao u slu\u010daju plakata filma \u201eEpizoda u \u017eivotu bera\u010da \u017eeljeza\u201c Danisa Tanovi\u0107a. Funkcija plakata ostaje ista \u2013 da privu\u010de pa\u017enju, prenese duh filma i bude u skladu s vremenom, temom i trendovima grafi\u010dkog dizajna.<\/p>\n\n\n\n<p>Izlo\u017eba \u0107e se mo\u0107i pogledati do 11. Augusta 2025. godine u Muzeju Br\u010dko distrikta BiH.&nbsp;<\/p>\n\n\n\n<p><\/p>","protected":false},"excerpt":{"rendered":"<p>Kinoteka Bosne i Hercegovine je u saradnji sa Muzejom Br\u010dko distrikta BiH i Odjeljenjem za privredni razvoj, sport i kulturu [&hellip;]<\/p>","protected":false},"author":1,"featured_media":4181,"comment_status":"closed","ping_status":"open","sticky":false,"template":"","format":"standard","meta":{"site-sidebar-layout":"default","site-content-layout":"","ast-site-content-layout":"default","site-content-style":"default","site-sidebar-style":"default","ast-global-header-display":"","ast-banner-title-visibility":"","ast-main-header-display":"","ast-hfb-above-header-display":"","ast-hfb-below-header-display":"","ast-hfb-mobile-header-display":"","site-post-title":"","ast-breadcrumbs-content":"","ast-featured-img":"","footer-sml-layout":"","ast-disable-related-posts":"","theme-transparent-header-meta":"","adv-header-id-meta":"","stick-header-meta":"","header-above-stick-meta":"","header-main-stick-meta":"","header-below-stick-meta":"","astra-migrate-meta-layouts":"default","ast-page-background-enabled":"default","ast-page-background-meta":{"desktop":{"background-color":"var(--ast-global-color-4)","background-image":"","background-repeat":"repeat","background-position":"center center","background-size":"auto","background-attachment":"scroll","background-type":"","background-media":"","overlay-type":"","overlay-color":"","overlay-opacity":"","overlay-gradient":""},"tablet":{"background-color":"","background-image":"","background-repeat":"repeat","background-position":"center center","background-size":"auto","background-attachment":"scroll","background-type":"","background-media":"","overlay-type":"","overlay-color":"","overlay-opacity":"","overlay-gradient":""},"mobile":{"background-color":"","background-image":"","background-repeat":"repeat","background-position":"center center","background-size":"auto","background-attachment":"scroll","background-type":"","background-media":"","overlay-type":"","overlay-color":"","overlay-opacity":"","overlay-gradient":""}},"ast-content-background-meta":{"desktop":{"background-color":"var(--ast-global-color-5)","background-image":"","background-repeat":"repeat","background-position":"center center","background-size":"auto","background-attachment":"scroll","background-type":"","background-media":"","overlay-type":"","overlay-color":"","overlay-opacity":"","overlay-gradient":""},"tablet":{"background-color":"var(--ast-global-color-5)","background-image":"","background-repeat":"repeat","background-position":"center center","background-size":"auto","background-attachment":"scroll","background-type":"","background-media":"","overlay-type":"","overlay-color":"","overlay-opacity":"","overlay-gradient":""},"mobile":{"background-color":"var(--ast-global-color-5)","background-image":"","background-repeat":"repeat","background-position":"center center","background-size":"auto","background-attachment":"scroll","background-type":"","background-media":"","overlay-type":"","overlay-color":"","overlay-opacity":"","overlay-gradient":""}},"_themeisle_gutenberg_block_has_review":false,"footnotes":""},"categories":[1],"tags":[],"class_list":["post-4175","post","type-post","status-publish","format-standard","has-post-thumbnail","hentry","category-uncategorized-hr"],"rttpg_featured_image_url":{"full":["https:\/\/kreativna-europa.ba\/wp-content\/uploads\/2025\/08\/THBRCKO5.jpg",800,600,false],"landscape":["https:\/\/kreativna-europa.ba\/wp-content\/uploads\/2025\/08\/THBRCKO5.jpg",800,600,false],"portraits":["https:\/\/kreativna-europa.ba\/wp-content\/uploads\/2025\/08\/THBRCKO5.jpg",800,600,false],"thumbnail":["https:\/\/kreativna-europa.ba\/wp-content\/uploads\/2025\/08\/THBRCKO5-150x150.jpg",150,150,true],"medium":["https:\/\/kreativna-europa.ba\/wp-content\/uploads\/2025\/08\/THBRCKO5-300x225.jpg",300,225,true],"large":["https:\/\/kreativna-europa.ba\/wp-content\/uploads\/2025\/08\/THBRCKO5.jpg",800,600,false],"1536x1536":["https:\/\/kreativna-europa.ba\/wp-content\/uploads\/2025\/08\/THBRCKO5.jpg",800,600,false],"2048x2048":["https:\/\/kreativna-europa.ba\/wp-content\/uploads\/2025\/08\/THBRCKO5.jpg",800,600,false],"trp-custom-language-flag":["https:\/\/kreativna-europa.ba\/wp-content\/uploads\/2025\/08\/THBRCKO5-16x12.jpg",16,12,true]},"rttpg_author":{"display_name":"kreativnaeuropa","author_link":"https:\/\/kreativna-europa.ba\/en\/author\/kreativnaeuropa\/"},"rttpg_comment":0,"rttpg_category":"<a href=\"https:\/\/kreativna-europa.ba\/en\/category\/uncategorized-hr\/\" rel=\"category tag\">Uncategorized @hr<\/a>","rttpg_excerpt":"Kinoteka Bosne i Hercegovine je u saradnji sa Muzejom Br\u010dko distrikta BiH i Odjeljenjem za privredni razvoj, sport i kulturu [&hellip;]","_links":{"self":[{"href":"https:\/\/kreativna-europa.ba\/en\/wp-json\/wp\/v2\/posts\/4175","targetHints":{"allow":["GET"]}}],"collection":[{"href":"https:\/\/kreativna-europa.ba\/en\/wp-json\/wp\/v2\/posts"}],"about":[{"href":"https:\/\/kreativna-europa.ba\/en\/wp-json\/wp\/v2\/types\/post"}],"author":[{"embeddable":true,"href":"https:\/\/kreativna-europa.ba\/en\/wp-json\/wp\/v2\/users\/1"}],"replies":[{"embeddable":true,"href":"https:\/\/kreativna-europa.ba\/en\/wp-json\/wp\/v2\/comments?post=4175"}],"version-history":[{"count":1,"href":"https:\/\/kreativna-europa.ba\/en\/wp-json\/wp\/v2\/posts\/4175\/revisions"}],"predecessor-version":[{"id":4182,"href":"https:\/\/kreativna-europa.ba\/en\/wp-json\/wp\/v2\/posts\/4175\/revisions\/4182"}],"wp:featuredmedia":[{"embeddable":true,"href":"https:\/\/kreativna-europa.ba\/en\/wp-json\/wp\/v2\/media\/4181"}],"wp:attachment":[{"href":"https:\/\/kreativna-europa.ba\/en\/wp-json\/wp\/v2\/media?parent=4175"}],"wp:term":[{"taxonomy":"category","embeddable":true,"href":"https:\/\/kreativna-europa.ba\/en\/wp-json\/wp\/v2\/categories?post=4175"},{"taxonomy":"post_tag","embeddable":true,"href":"https:\/\/kreativna-europa.ba\/en\/wp-json\/wp\/v2\/tags?post=4175"}],"curies":[{"name":"wp","href":"https:\/\/api.w.org\/{rel}","templated":true}]}}