{"id":4187,"date":"2025-08-12T12:56:05","date_gmt":"2025-08-12T12:56:05","guid":{"rendered":"https:\/\/kreativna-europa.ba\/?p=4187"},"modified":"2025-08-12T12:56:05","modified_gmt":"2025-08-12T12:56:05","slug":"kreativna-europa-preko-7-milijuna-km-za-projekte-kulture-u-bosni-i-hercegovini","status":"publish","type":"post","link":"https:\/\/kreativna-europa.ba\/en\/kreativna-europa-preko-7-milijuna-km-za-projekte-kulture-u-bosni-i-hercegovini\/","title":{"rendered":"Kreativna Europa: Preko 7 milijuna KM za projekte kulture u Bosni i Hercegovini"},"content":{"rendered":"<div style=\"height:39px\" aria-hidden=\"true\" class=\"wp-block-spacer\"><\/div>\n\n\n\n<p>Bosna i Hercegovina ostvarila je odli\u010dan rezultat u povla\u010denju sredstava iz programa Europske unije&nbsp;<strong>Kreativna Europa<\/strong>&nbsp;\u2013 s ukupno&nbsp;<strong>3,63 milijuna eura<\/strong>&nbsp;osiguranih za projekte u 2024. godini, \u0161to predstavlja najve\u0107i rast od kada na\u0161a zemlja sudjeluje u ovom presti\u017enom programu za kulturni i kreativni sektor. Za usporedbu, u proteklom razdoblju 2014-2020 Bosna i Hercegovina je dobila 4,5 milijuna eura, dok je u razdoblju 2021-2024 povu\u010deno 8,73 milijuna eura.&nbsp;<\/p>\n\n\n\n<p>Prema podacima&nbsp;<strong>Ministarstva civilnih poslova BiH<\/strong>, koje koordinira provedbu ovog programa, iznos povu\u010denih sredstava u odnosu na prethodnu godinu gotovo je&nbsp;<strong>utrostru\u010den<\/strong>. Rezultat je to sve ve\u0107eg iskustva doma\u0107ih aplikanata, kvalitetnijih projekata i sna\u017enije institucionalne podr\u0161ke.&nbsp;<\/p>\n\n\n\n<p>Program Kreativna Europa, koji okuplja dr\u017eave \u010dlanice EU, kandidate i potencijalne kandidate, klju\u010dan je instrument za o\u010duvanje i promociju europske kulturne i jezi\u010dne raznolikosti te ja\u010danje gospodarskog potencijala kreativnih industrija. U BiH ga provodi&nbsp;<strong>Desk Kreativna Europa<\/strong>, koji uz podr\u0161ku Ministarstva civilnih poslova organizira radionice, info dane, savjetovanja i me\u0111unarodna umre\u017eavanja kako bi pomogao doma\u0107im organizacijama da uspje\u0161no apliciraju na EU fondove.<\/p>\n\n\n\n<p>U 2024. godini BiH je imala&nbsp;<strong>16 uspje\u0161nih aplikanata<\/strong>:<\/p>\n\n\n\n<ul class=\"wp-block-list\">\n<li>U\u00a0<strong>potprogramu Kultura<\/strong>\u00a0osigurano je 1,29 milijuna eura za osam projekata;<\/li>\n\n\n\n<li>U\u00a0<strong>potprogramu Media<\/strong>\u00a0povu\u010deno je 1,98 milijuna eura za pet projekata;<\/li>\n\n\n\n<li>U\u00a0<strong>me\u0111usektorskom programu<\/strong>\u00a0podr\u017eana su tri projekta vrijedna 354 tisu\u0107e eura.<\/li>\n<\/ul>\n\n\n\n<p>Me\u0111u korisnicima su renomirane kulturne institucije, kazali\u0161ta, muzeji, istra\u017eiva\u010dke mre\u017ee, filmski centri i izdava\u010dke ku\u0107e, \u010diji \u0107e projekti imati utjecaj na ja\u010danje kulturne razmjene, me\u0111unarodne suradnje i kreativnih industrija u zemlji.<\/p>\n\n\n\n<p>Novost u odnosu na pro\u0161le godine je,&nbsp;<strong>sufinanciranje Ministarstva civilnih poslova BiH<\/strong>, koje je korisnicima pomoglo u zatvaranju financijske konstrukciju i time pove\u0107alo njihove \u0161anse za uspjeh u konkurenciji s organizacijama iz drugih zemalja.<\/p>\n\n\n\n<p><strong>\u201eOstvareni rezultati potvr\u0111uju da Bosna i Hercegovina mo\u017ee biti ravnopravan sudionik europskih kulturnih i kreativnih inicijativa kada postoji jasna vizija, suradnja i podr\u0161ka. Ovo je zna\u010dajan iskorak, ali i podsjetnik da je pred nama jo\u0161 mnogo posla \u2013 potrebno je dodatno ja\u010dati kapacitete organizacija, razvijati kvalitetne projektne ideje i aktivno se prijavljivati na sve dostupne EU programe. Na taj na\u010din mo\u017eemo osigurati jo\u0161 ve\u0107i priljev sredstava i dugoro\u010dnu korist za na\u0161 kulturni i kreativni sektor.\u201c&nbsp;<\/strong>izjavila je ministrica civilnih poslova dr.sc. Dubravka Bo\u0161njak.<\/p>\n\n\n\n<p>Planovi za 2025. uklju\u010duju \u0161irenje mre\u017ee info dana u ruralnim sredinama, ja\u010danje suradnje s drugim EU programima poput Horizon Europe i Erasmus+, te intenzivniju promociju uspje\u0161nih projekata kao inspiracije za nove prijavitelje.<\/p>\n\n\n\n<p>S rekordnim iznosom povu\u010denih sredstava u 2024., Bosna i Hercegovina \u0161alje jasnu poruku \u2013 doma\u0107a kultura i kreativne industrije imaju \u0161to ponuditi Europi, a pravom podr\u0161kom mogu ostvariti jo\u0161 ve\u0107e uspjehe.<\/p>\n\n\n\n<p>Za vi\u0161e informacija, potencijalni aplikanti mogu posjetiti internet stranicu Deska Kreativna Europa&nbsp;<a href=\"https:\/\/kreativna-europa.ba\/en\/\">www.kreativna-europa.ba<\/a>&nbsp;ili Ministarstva civilnih poslova BiH&nbsp;<a href=\"http:\/\/www.mcp.gov.ba\/\">www.mcp.gov.ba<\/a><\/p>\n\n\n\n<p><\/p>","protected":false},"excerpt":{"rendered":"<p>Bosna i Hercegovina ostvarila je odli\u010dan rezultat u povla\u010denju sredstava iz programa Europske unije&nbsp;Kreativna Europa&nbsp;\u2013 s ukupno&nbsp;3,63 milijuna eura&nbsp;osiguranih za [&hellip;]<\/p>","protected":false},"author":1,"featured_media":4189,"comment_status":"closed","ping_status":"open","sticky":false,"template":"","format":"standard","meta":{"site-sidebar-layout":"default","site-content-layout":"","ast-site-content-layout":"default","site-content-style":"default","site-sidebar-style":"default","ast-global-header-display":"","ast-banner-title-visibility":"","ast-main-header-display":"","ast-hfb-above-header-display":"","ast-hfb-below-header-display":"","ast-hfb-mobile-header-display":"","site-post-title":"","ast-breadcrumbs-content":"","ast-featured-img":"","footer-sml-layout":"","ast-disable-related-posts":"","theme-transparent-header-meta":"","adv-header-id-meta":"","stick-header-meta":"","header-above-stick-meta":"","header-main-stick-meta":"","header-below-stick-meta":"","astra-migrate-meta-layouts":"default","ast-page-background-enabled":"default","ast-page-background-meta":{"desktop":{"background-color":"var(--ast-global-color-4)","background-image":"","background-repeat":"repeat","background-position":"center center","background-size":"auto","background-attachment":"scroll","background-type":"","background-media":"","overlay-type":"","overlay-color":"","overlay-opacity":"","overlay-gradient":""},"tablet":{"background-color":"","background-image":"","background-repeat":"repeat","background-position":"center center","background-size":"auto","background-attachment":"scroll","background-type":"","background-media":"","overlay-type":"","overlay-color":"","overlay-opacity":"","overlay-gradient":""},"mobile":{"background-color":"","background-image":"","background-repeat":"repeat","background-position":"center center","background-size":"auto","background-attachment":"scroll","background-type":"","background-media":"","overlay-type":"","overlay-color":"","overlay-opacity":"","overlay-gradient":""}},"ast-content-background-meta":{"desktop":{"background-color":"var(--ast-global-color-5)","background-image":"","background-repeat":"repeat","background-position":"center center","background-size":"auto","background-attachment":"scroll","background-type":"","background-media":"","overlay-type":"","overlay-color":"","overlay-opacity":"","overlay-gradient":""},"tablet":{"background-color":"var(--ast-global-color-5)","background-image":"","background-repeat":"repeat","background-position":"center center","background-size":"auto","background-attachment":"scroll","background-type":"","background-media":"","overlay-type":"","overlay-color":"","overlay-opacity":"","overlay-gradient":""},"mobile":{"background-color":"var(--ast-global-color-5)","background-image":"","background-repeat":"repeat","background-position":"center center","background-size":"auto","background-attachment":"scroll","background-type":"","background-media":"","overlay-type":"","overlay-color":"","overlay-opacity":"","overlay-gradient":""}},"_themeisle_gutenberg_block_has_review":false,"footnotes":""},"categories":[1],"tags":[],"class_list":["post-4187","post","type-post","status-publish","format-standard","has-post-thumbnail","hentry","category-uncategorized-hr"],"rttpg_featured_image_url":{"full":["https:\/\/kreativna-europa.ba\/wp-content\/uploads\/2025\/08\/Graf-Kreativna_Europath.jpg",800,600,false],"landscape":["https:\/\/kreativna-europa.ba\/wp-content\/uploads\/2025\/08\/Graf-Kreativna_Europath.jpg",800,600,false],"portraits":["https:\/\/kreativna-europa.ba\/wp-content\/uploads\/2025\/08\/Graf-Kreativna_Europath.jpg",800,600,false],"thumbnail":["https:\/\/kreativna-europa.ba\/wp-content\/uploads\/2025\/08\/Graf-Kreativna_Europath-150x150.jpg",150,150,true],"medium":["https:\/\/kreativna-europa.ba\/wp-content\/uploads\/2025\/08\/Graf-Kreativna_Europath-300x225.jpg",300,225,true],"large":["https:\/\/kreativna-europa.ba\/wp-content\/uploads\/2025\/08\/Graf-Kreativna_Europath.jpg",800,600,false],"1536x1536":["https:\/\/kreativna-europa.ba\/wp-content\/uploads\/2025\/08\/Graf-Kreativna_Europath.jpg",800,600,false],"2048x2048":["https:\/\/kreativna-europa.ba\/wp-content\/uploads\/2025\/08\/Graf-Kreativna_Europath.jpg",800,600,false],"trp-custom-language-flag":["https:\/\/kreativna-europa.ba\/wp-content\/uploads\/2025\/08\/Graf-Kreativna_Europath-16x12.jpg",16,12,true]},"rttpg_author":{"display_name":"kreativnaeuropa","author_link":"https:\/\/kreativna-europa.ba\/en\/author\/kreativnaeuropa\/"},"rttpg_comment":0,"rttpg_category":"<a href=\"https:\/\/kreativna-europa.ba\/en\/category\/uncategorized-hr\/\" rel=\"category tag\">Uncategorized @hr<\/a>","rttpg_excerpt":"Bosna i Hercegovina ostvarila je odli\u010dan rezultat u povla\u010denju sredstava iz programa Europske unije&nbsp;Kreativna Europa&nbsp;\u2013 s ukupno&nbsp;3,63 milijuna eura&nbsp;osiguranih za [&hellip;]","_links":{"self":[{"href":"https:\/\/kreativna-europa.ba\/en\/wp-json\/wp\/v2\/posts\/4187","targetHints":{"allow":["GET"]}}],"collection":[{"href":"https:\/\/kreativna-europa.ba\/en\/wp-json\/wp\/v2\/posts"}],"about":[{"href":"https:\/\/kreativna-europa.ba\/en\/wp-json\/wp\/v2\/types\/post"}],"author":[{"embeddable":true,"href":"https:\/\/kreativna-europa.ba\/en\/wp-json\/wp\/v2\/users\/1"}],"replies":[{"embeddable":true,"href":"https:\/\/kreativna-europa.ba\/en\/wp-json\/wp\/v2\/comments?post=4187"}],"version-history":[{"count":1,"href":"https:\/\/kreativna-europa.ba\/en\/wp-json\/wp\/v2\/posts\/4187\/revisions"}],"predecessor-version":[{"id":4190,"href":"https:\/\/kreativna-europa.ba\/en\/wp-json\/wp\/v2\/posts\/4187\/revisions\/4190"}],"wp:featuredmedia":[{"embeddable":true,"href":"https:\/\/kreativna-europa.ba\/en\/wp-json\/wp\/v2\/media\/4189"}],"wp:attachment":[{"href":"https:\/\/kreativna-europa.ba\/en\/wp-json\/wp\/v2\/media?parent=4187"}],"wp:term":[{"taxonomy":"category","embeddable":true,"href":"https:\/\/kreativna-europa.ba\/en\/wp-json\/wp\/v2\/categories?post=4187"},{"taxonomy":"post_tag","embeddable":true,"href":"https:\/\/kreativna-europa.ba\/en\/wp-json\/wp\/v2\/tags?post=4187"}],"curies":[{"name":"wp","href":"https:\/\/api.w.org\/{rel}","templated":true}]}}