{"id":4192,"date":"2025-09-03T14:04:44","date_gmt":"2025-09-03T14:04:44","guid":{"rendered":"https:\/\/kreativna-europa.ba\/?p=4192"},"modified":"2025-09-03T14:04:44","modified_gmt":"2025-09-03T14:04:44","slug":"effea-europski-festivalski-fond-za-mlade-umjetnike","status":"publish","type":"post","link":"https:\/\/kreativna-europa.ba\/en\/effea-europski-festivalski-fond-za-mlade-umjetnike\/","title":{"rendered":"EFFEA \u2013 Europski festivalski fond za mlade umjetnike"},"content":{"rendered":"<hr class=\"wp-block-separator has-alpha-channel-opacity is-style-wide\"\/>\n\n\n\n<figure class=\"wp-block-image size-full\"><img fetchpriority=\"high\" decoding=\"async\" width=\"1920\" height=\"843\" src=\"https:\/\/kreativna-europa.ba\/wp-content\/uploads\/2025\/09\/effea-cover.jpg\" alt=\"\" class=\"wp-image-4193\" style=\"object-fit:cover\" srcset=\"https:\/\/kreativna-europa.ba\/wp-content\/uploads\/2025\/09\/effea-cover.jpg 1920w, https:\/\/kreativna-europa.ba\/wp-content\/uploads\/2025\/09\/effea-cover-300x132.jpg 300w, https:\/\/kreativna-europa.ba\/wp-content\/uploads\/2025\/09\/effea-cover-1024x450.jpg 1024w, https:\/\/kreativna-europa.ba\/wp-content\/uploads\/2025\/09\/effea-cover-768x337.jpg 768w, https:\/\/kreativna-europa.ba\/wp-content\/uploads\/2025\/09\/effea-cover-1536x674.jpg 1536w, https:\/\/kreativna-europa.ba\/wp-content\/uploads\/2025\/09\/effea-cover-18x8.jpg 18w\" sizes=\"(max-width: 1920px) 100vw, 1920px\" \/><\/figure>\n\n\n\n<div style=\"height:50px\" aria-hidden=\"true\" class=\"wp-block-spacer\"><\/div>\n\n\n\n<p>\u0160to je EFFEA?<\/p>\n\n\n\n<p><strong>EFFEA \u2013 Europski festivalski fond za mlade umjetnike<\/strong>&nbsp;inicijativa je Europske festivalske asocijacije (EFA), uz potporu programa Kreativna Europa, koja nudi mladim umjetnicima platformu za razvoj karijere na me\u0111unarodnoj razini kroz suradnju s festivalima.<\/p>\n\n\n\n<p>Cilj je osna\u017eiti festivale da sura\u0111uju preko granica, povezuju se u mre\u017eu i zajedno stvaraju nove prilike za umjetnike i publiku. EFFEA se nadovezuje na prethodni program&nbsp;<strong>EFFE \u2013 Europe for Festivals, Festivals for Europe<\/strong>.<\/p>\n\n\n\n<hr class=\"wp-block-separator has-alpha-channel-opacity\"\/>\n\n\n\n<h3 class=\"wp-block-heading\">\u0160to je EFFEA rezidencija?<\/h3>\n\n\n\n<p>Rezidencija je umjetni\u010dki boravak koji povezuje najmanje&nbsp;<strong>tri festivala iz razli\u010ditih zemalja<\/strong>. Vode\u0107i festival, zajedno s partnerskim, pru\u017ea umjetniku vrijeme, prostor i podr\u0161ku za razvoj ideja i projekata te ja\u010danje me\u0111unarodne karijere.<\/p>\n\n\n\n<p>Umjetnici tako grade trajne veze s festivalskim programerima, publikom i drugim umjetnicima.<\/p>\n\n\n\n<p>Postoje dvije kategorije:<\/p>\n\n\n\n<ol class=\"wp-block-list\">\n<li><strong>EFFEA Discovery<\/strong>\u00a0\u2013 za umjetnike na po\u010detku karijere s me\u0111unarodnim potencijalom (oko 40 potpora od 8.000 \u20ac).<\/li>\n\n\n\n<li><strong>EFFEA Springboard<\/strong>\u00a0\u2013 za umjetnike afirmirane u svojoj zemlji, spremne za me\u0111unarodni iskorak (oko 10 potpora od 15.000 \u20ac).<\/li>\n<\/ol>\n\n\n\n<hr class=\"wp-block-separator has-alpha-channel-opacity\"\/>\n\n\n\n<h3 class=\"wp-block-heading\">Glavni ciljevi<\/h3>\n\n\n\n<ul class=\"wp-block-list\">\n<li>Pru\u017eiti umjetnicima prilike za me\u0111unarodnu promociju i razvoj.<\/li>\n\n\n\n<li>Omogu\u0107iti festivalima prekograni\u010dnu suradnju.<\/li>\n\n\n\n<li>Publici donijeti nova i raznolika umjetni\u010dka iskustva.<\/li>\n<\/ul>\n\n\n\n<hr class=\"wp-block-separator has-alpha-channel-opacity\"\/>\n\n\n\n<h3 class=\"wp-block-heading\">Tko ima koristi?<\/h3>\n\n\n\n<ul class=\"wp-block-list\">\n<li><strong>Festivali<\/strong>: \u0161irenje mre\u017ee, nova umjetni\u010dka djela i programi, financijska podr\u0161ka.<\/li>\n\n\n\n<li><strong>Umjetnici<\/strong>: razvoj ideja, me\u0111unarodna vidljivost, radionice i umre\u017eavanje.<\/li>\n\n\n\n<li><strong>Publika<\/strong>: otkrivanje novih talenata i interdisciplinarnih radova.<\/li>\n<\/ul>\n\n\n\n<hr class=\"wp-block-separator has-alpha-channel-opacity\"\/>\n\n\n\n<h3 class=\"wp-block-heading\">EFFEA Call #4<\/h3>\n\n\n\n<p>Prijave su otvorene\u00a0<strong>od 1. rujna do 3. studenog 2025.<\/strong><br>Bit \u0107e odabrano oko\u00a0<strong>50 rezidencija<\/strong>\u00a0za 50 umjetnika, u suradnji sa 150 festivala diljem Europe.<\/p>\n\n\n\n<p>Prijavite se <a href=\"https:\/\/www.effea.eu\/application-form\">here<\/a>.<\/p>\n\n\n\n<p><\/p>","protected":false},"excerpt":{"rendered":"<p>\u0160to je EFFEA? EFFEA \u2013 Europski festivalski fond za mlade umjetnike&nbsp;inicijativa je Europske festivalske asocijacije (EFA), uz potporu programa Kreativna [&hellip;]<\/p>","protected":false},"author":1,"featured_media":4194,"comment_status":"closed","ping_status":"open","sticky":false,"template":"","format":"standard","meta":{"site-sidebar-layout":"no-sidebar","site-content-layout":"","ast-site-content-layout":"default","site-content-style":"default","site-sidebar-style":"default","ast-global-header-display":"","ast-banner-title-visibility":"","ast-main-header-display":"","ast-hfb-above-header-display":"","ast-hfb-below-header-display":"","ast-hfb-mobile-header-display":"","site-post-title":"","ast-breadcrumbs-content":"","ast-featured-img":"","footer-sml-layout":"","ast-disable-related-posts":"","theme-transparent-header-meta":"","adv-header-id-meta":"","stick-header-meta":"","header-above-stick-meta":"","header-main-stick-meta":"","header-below-stick-meta":"","astra-migrate-meta-layouts":"default","ast-page-background-enabled":"default","ast-page-background-meta":{"desktop":{"background-color":"var(--ast-global-color-4)","background-image":"","background-repeat":"repeat","background-position":"center center","background-size":"auto","background-attachment":"scroll","background-type":"","background-media":"","overlay-type":"","overlay-color":"","overlay-opacity":"","overlay-gradient":""},"tablet":{"background-color":"","background-image":"","background-repeat":"repeat","background-position":"center center","background-size":"auto","background-attachment":"scroll","background-type":"","background-media":"","overlay-type":"","overlay-color":"","overlay-opacity":"","overlay-gradient":""},"mobile":{"background-color":"","background-image":"","background-repeat":"repeat","background-position":"center center","background-size":"auto","background-attachment":"scroll","background-type":"","background-media":"","overlay-type":"","overlay-color":"","overlay-opacity":"","overlay-gradient":""}},"ast-content-background-meta":{"desktop":{"background-color":"var(--ast-global-color-5)","background-image":"","background-repeat":"repeat","background-position":"center center","background-size":"auto","background-attachment":"scroll","background-type":"","background-media":"","overlay-type":"","overlay-color":"","overlay-opacity":"","overlay-gradient":""},"tablet":{"background-color":"var(--ast-global-color-5)","background-image":"","background-repeat":"repeat","background-position":"center center","background-size":"auto","background-attachment":"scroll","background-type":"","background-media":"","overlay-type":"","overlay-color":"","overlay-opacity":"","overlay-gradient":""},"mobile":{"background-color":"var(--ast-global-color-5)","background-image":"","background-repeat":"repeat","background-position":"center center","background-size":"auto","background-attachment":"scroll","background-type":"","background-media":"","overlay-type":"","overlay-color":"","overlay-opacity":"","overlay-gradient":""}},"_themeisle_gutenberg_block_has_review":false,"footnotes":""},"categories":[64],"tags":[66,65],"class_list":["post-4192","post","type-post","status-publish","format-standard","has-post-thumbnail","hentry","category-pozivi","tag-media","tag-pozivi"],"rttpg_featured_image_url":{"full":["https:\/\/kreativna-europa.ba\/wp-content\/uploads\/2025\/09\/effea-th.jpg",720,400,false],"landscape":["https:\/\/kreativna-europa.ba\/wp-content\/uploads\/2025\/09\/effea-th.jpg",720,400,false],"portraits":["https:\/\/kreativna-europa.ba\/wp-content\/uploads\/2025\/09\/effea-th.jpg",720,400,false],"thumbnail":["https:\/\/kreativna-europa.ba\/wp-content\/uploads\/2025\/09\/effea-th-150x150.jpg",150,150,true],"medium":["https:\/\/kreativna-europa.ba\/wp-content\/uploads\/2025\/09\/effea-th-300x167.jpg",300,167,true],"large":["https:\/\/kreativna-europa.ba\/wp-content\/uploads\/2025\/09\/effea-th.jpg",720,400,false],"1536x1536":["https:\/\/kreativna-europa.ba\/wp-content\/uploads\/2025\/09\/effea-th.jpg",720,400,false],"2048x2048":["https:\/\/kreativna-europa.ba\/wp-content\/uploads\/2025\/09\/effea-th.jpg",720,400,false],"trp-custom-language-flag":["https:\/\/kreativna-europa.ba\/wp-content\/uploads\/2025\/09\/effea-th-18x10.jpg",18,10,true]},"rttpg_author":{"display_name":"kreativnaeuropa","author_link":"https:\/\/kreativna-europa.ba\/en\/author\/kreativnaeuropa\/"},"rttpg_comment":0,"rttpg_category":"<a href=\"https:\/\/kreativna-europa.ba\/en\/category\/pozivi\/\" rel=\"category tag\">Pozivi<\/a>","rttpg_excerpt":"\u0160to je EFFEA? EFFEA \u2013 Europski festivalski fond za mlade umjetnike&nbsp;inicijativa je Europske festivalske asocijacije (EFA), uz potporu programa Kreativna [&hellip;]","_links":{"self":[{"href":"https:\/\/kreativna-europa.ba\/en\/wp-json\/wp\/v2\/posts\/4192","targetHints":{"allow":["GET"]}}],"collection":[{"href":"https:\/\/kreativna-europa.ba\/en\/wp-json\/wp\/v2\/posts"}],"about":[{"href":"https:\/\/kreativna-europa.ba\/en\/wp-json\/wp\/v2\/types\/post"}],"author":[{"embeddable":true,"href":"https:\/\/kreativna-europa.ba\/en\/wp-json\/wp\/v2\/users\/1"}],"replies":[{"embeddable":true,"href":"https:\/\/kreativna-europa.ba\/en\/wp-json\/wp\/v2\/comments?post=4192"}],"version-history":[{"count":1,"href":"https:\/\/kreativna-europa.ba\/en\/wp-json\/wp\/v2\/posts\/4192\/revisions"}],"predecessor-version":[{"id":4195,"href":"https:\/\/kreativna-europa.ba\/en\/wp-json\/wp\/v2\/posts\/4192\/revisions\/4195"}],"wp:featuredmedia":[{"embeddable":true,"href":"https:\/\/kreativna-europa.ba\/en\/wp-json\/wp\/v2\/media\/4194"}],"wp:attachment":[{"href":"https:\/\/kreativna-europa.ba\/en\/wp-json\/wp\/v2\/media?parent=4192"}],"wp:term":[{"taxonomy":"category","embeddable":true,"href":"https:\/\/kreativna-europa.ba\/en\/wp-json\/wp\/v2\/categories?post=4192"},{"taxonomy":"post_tag","embeddable":true,"href":"https:\/\/kreativna-europa.ba\/en\/wp-json\/wp\/v2\/tags?post=4192"}],"curies":[{"name":"wp","href":"https:\/\/api.w.org\/{rel}","templated":true}]}}