{"id":4210,"date":"2025-09-25T10:49:59","date_gmt":"2025-09-25T10:49:59","guid":{"rendered":"https:\/\/kreativna-europa.ba\/?p=4210"},"modified":"2025-09-25T10:49:59","modified_gmt":"2025-09-25T10:49:59","slug":"dan-programa-europske-unije-sarajevo-6-listopada-2025","status":"publish","type":"post","link":"https:\/\/kreativna-europa.ba\/en\/dan-programa-europske-unije-sarajevo-6-listopada-2025\/","title":{"rendered":"European Union Programme Day \u2013 Sarajevo, October 6, 2025."},"content":{"rendered":"<figure class=\"wp-block-image size-full\"><img fetchpriority=\"high\" decoding=\"async\" width=\"1330\" height=\"600\" src=\"https:\/\/kreativna-europa.ba\/wp-content\/uploads\/2025\/09\/Poziv-QR-cover.jpg\" alt=\"\" class=\"wp-image-4211\" style=\"object-fit:contain\" srcset=\"https:\/\/kreativna-europa.ba\/wp-content\/uploads\/2025\/09\/Poziv-QR-cover.jpg 1330w, https:\/\/kreativna-europa.ba\/wp-content\/uploads\/2025\/09\/Poziv-QR-cover-300x135.jpg 300w, https:\/\/kreativna-europa.ba\/wp-content\/uploads\/2025\/09\/Poziv-QR-cover-1024x462.jpg 1024w, https:\/\/kreativna-europa.ba\/wp-content\/uploads\/2025\/09\/Poziv-QR-cover-768x346.jpg 768w, https:\/\/kreativna-europa.ba\/wp-content\/uploads\/2025\/09\/Poziv-QR-cover-18x8.jpg 18w\" sizes=\"(max-width: 1330px) 100vw, 1330px\" \/><\/figure>\n\n\n\n<div style=\"height:39px\" aria-hidden=\"true\" class=\"wp-block-spacer\"><\/div>\n\n\n\n<p>Ministarstvo civilnih poslova Bosne i Hercegovine sa zadovoljstvom najavljuje\u00a0<strong>Dan programa Europske unije<\/strong>, koji \u0107e se odr\u017eati u ponedjeljak,\u00a0<strong>6. listopada 2025. godine<\/strong>, s po\u010detkom u\u00a0<strong>11:00 sati<\/strong>, u\u00a0<strong>Velikoj sali (I kat) Parlamentarne skup\u0161tine Bosne i Hercegovine<\/strong>, Trg Bosne i Hercegovine 1, Sarajevo.<\/p>\n\n\n\n<h3 class=\"wp-block-heading\">O doga\u0111aju<\/h3>\n\n\n\n<p>Info dan je posve\u0107en promociji programa Europske unije u kojima Bosna i Hercegovina sudjeluje na osnovu sporazuma s EU, a iz resora nadle\u017enosti Ministarstva civilnih poslova BiH. Rije\u010d je o programima:<\/p>\n\n\n\n<ul class=\"wp-block-list\">\n<li><strong>EU4Health<\/strong><\/li>\n\n\n\n<li><strong>Horizon Europe<\/strong><\/li>\n\n\n\n<li><strong>Creative Europe<\/strong><\/li>\n\n\n\n<li><strong>Erasmus+<\/strong><\/li>\n\n\n\n<li><strong>COST<\/strong><\/li>\n\n\n\n<li><strong>EaSI<\/strong><\/li>\n<\/ul>\n\n\n\n<p>Na doga\u0111aju \u0107e govoriti predstavnici institucija, organizacija i poduze\u0107a iz Bosne i Hercegovine koji su uspje\u0161no pro\u0161li proces apliciranja i ve\u0107 koriste sredstva iz navedenih programa.<\/p>\n\n\n\n<h3 class=\"wp-block-heading\">Za\u0161to sudjelovati?<\/h3>\n\n\n\n<p>Ovo je dragocjena prilika za:<\/p>\n\n\n\n<ul class=\"wp-block-list\">\n<li>razmjenu prakti\u010dnih iskustava i savjeta o prijavljivanju projekata,<\/li>\n\n\n\n<li>razgovor s uspje\u0161nim korisnicima programa,<\/li>\n\n\n\n<li>uspostavljanje kontakata i umre\u017eavanje,<br>\u0161to mo\u017ee zna\u010dajno doprinijeti ja\u010danju kapaciteta i uspje\u0161nijem apliciranju u budu\u0107nosti.<\/li>\n<\/ul>\n\n\n\n<h3 class=\"wp-block-heading\">Prijava sudjelovanja<\/h3>\n\n\n\n<p>Molimo da svoje sudjelovanje potvrdite najkasnije do&nbsp;<strong>petka, 26. rujna 2025. godine<\/strong>&nbsp;putem linka:<br>\ud83d\udc49&nbsp;<a href=\"https:\/\/docs.google.com\/forms\/d\/1MlXNOZW3Ai9ofc1xDQDI9yplVJ_xXNhCa7-_DgWGwAI\/edit?ts=68c28f80&amp;pli=1\">Prijavni obrazac<\/a><\/p>\n\n\n\n<p>Veselimo se Va\u0161em dolasku i zajedni\u010dkom promi\u0161ljanju o budu\u0107em sudjelovanju Bosne i Hercegovine u programima Europske unije.<\/p>\n\n\n\n<p>PROGRAM RADA (kliknite da preuzmete PDF) \u2935<\/p>\n\n\n\n<figure class=\"wp-block-image size-full\"><a href=\"https:\/\/kreativna-europa.ba\/wp-content\/uploads\/2025\/09\/Agenda.pdf\"><img decoding=\"async\" width=\"200\" height=\"283\" src=\"https:\/\/kreativna-europa.ba\/wp-content\/uploads\/2025\/09\/agenda-th.jpg\" alt=\"\" class=\"wp-image-4212\" srcset=\"https:\/\/kreativna-europa.ba\/wp-content\/uploads\/2025\/09\/agenda-th.jpg 200w, https:\/\/kreativna-europa.ba\/wp-content\/uploads\/2025\/09\/agenda-th-8x12.jpg 8w\" sizes=\"(max-width: 200px) 100vw, 200px\" \/><\/a><\/figure>","protected":false},"excerpt":{"rendered":"<p>Ministarstvo civilnih poslova Bosne i Hercegovine sa zadovoljstvom najavljuje\u00a0Dan programa Europske unije, koji \u0107e se odr\u017eati u ponedjeljak,\u00a06. listopada 2025. [&hellip;]<\/p>","protected":false},"author":1,"featured_media":4214,"comment_status":"closed","ping_status":"open","sticky":false,"template":"","format":"standard","meta":{"site-sidebar-layout":"default","site-content-layout":"","ast-site-content-layout":"default","site-content-style":"default","site-sidebar-style":"default","ast-global-header-display":"","ast-banner-title-visibility":"","ast-main-header-display":"","ast-hfb-above-header-display":"","ast-hfb-below-header-display":"","ast-hfb-mobile-header-display":"","site-post-title":"","ast-breadcrumbs-content":"","ast-featured-img":"","footer-sml-layout":"","ast-disable-related-posts":"","theme-transparent-header-meta":"","adv-header-id-meta":"","stick-header-meta":"","header-above-stick-meta":"","header-main-stick-meta":"","header-below-stick-meta":"","astra-migrate-meta-layouts":"default","ast-page-background-enabled":"default","ast-page-background-meta":{"desktop":{"background-color":"var(--ast-global-color-4)","background-image":"","background-repeat":"repeat","background-position":"center center","background-size":"auto","background-attachment":"scroll","background-type":"","background-media":"","overlay-type":"","overlay-color":"","overlay-opacity":"","overlay-gradient":""},"tablet":{"background-color":"","background-image":"","background-repeat":"repeat","background-position":"center center","background-size":"auto","background-attachment":"scroll","background-type":"","background-media":"","overlay-type":"","overlay-color":"","overlay-opacity":"","overlay-gradient":""},"mobile":{"background-color":"","background-image":"","background-repeat":"repeat","background-position":"center center","background-size":"auto","background-attachment":"scroll","background-type":"","background-media":"","overlay-type":"","overlay-color":"","overlay-opacity":"","overlay-gradient":""}},"ast-content-background-meta":{"desktop":{"background-color":"var(--ast-global-color-5)","background-image":"","background-repeat":"repeat","background-position":"center center","background-size":"auto","background-attachment":"scroll","background-type":"","background-media":"","overlay-type":"","overlay-color":"","overlay-opacity":"","overlay-gradient":""},"tablet":{"background-color":"var(--ast-global-color-5)","background-image":"","background-repeat":"repeat","background-position":"center center","background-size":"auto","background-attachment":"scroll","background-type":"","background-media":"","overlay-type":"","overlay-color":"","overlay-opacity":"","overlay-gradient":""},"mobile":{"background-color":"var(--ast-global-color-5)","background-image":"","background-repeat":"repeat","background-position":"center center","background-size":"auto","background-attachment":"scroll","background-type":"","background-media":"","overlay-type":"","overlay-color":"","overlay-opacity":"","overlay-gradient":""}},"_themeisle_gutenberg_block_has_review":false,"footnotes":""},"categories":[1],"tags":[],"class_list":["post-4210","post","type-post","status-publish","format-standard","has-post-thumbnail","hentry","category-uncategorized-hr"],"rttpg_featured_image_url":{"full":["https:\/\/kreativna-europa.ba\/wp-content\/uploads\/2025\/09\/Poziv-QR-TH.jpg",800,600,false],"landscape":["https:\/\/kreativna-europa.ba\/wp-content\/uploads\/2025\/09\/Poziv-QR-TH.jpg",800,600,false],"portraits":["https:\/\/kreativna-europa.ba\/wp-content\/uploads\/2025\/09\/Poziv-QR-TH.jpg",800,600,false],"thumbnail":["https:\/\/kreativna-europa.ba\/wp-content\/uploads\/2025\/09\/Poziv-QR-TH-150x150.jpg",150,150,true],"medium":["https:\/\/kreativna-europa.ba\/wp-content\/uploads\/2025\/09\/Poziv-QR-TH-300x225.jpg",300,225,true],"large":["https:\/\/kreativna-europa.ba\/wp-content\/uploads\/2025\/09\/Poziv-QR-TH.jpg",800,600,false],"1536x1536":["https:\/\/kreativna-europa.ba\/wp-content\/uploads\/2025\/09\/Poziv-QR-TH.jpg",800,600,false],"2048x2048":["https:\/\/kreativna-europa.ba\/wp-content\/uploads\/2025\/09\/Poziv-QR-TH.jpg",800,600,false],"trp-custom-language-flag":["https:\/\/kreativna-europa.ba\/wp-content\/uploads\/2025\/09\/Poziv-QR-TH-16x12.jpg",16,12,true]},"rttpg_author":{"display_name":"kreativnaeuropa","author_link":"https:\/\/kreativna-europa.ba\/en\/author\/kreativnaeuropa\/"},"rttpg_comment":0,"rttpg_category":"<a href=\"https:\/\/kreativna-europa.ba\/en\/category\/uncategorized-hr\/\" rel=\"category tag\">Uncategorized @hr<\/a>","rttpg_excerpt":"Ministarstvo civilnih poslova Bosne i Hercegovine sa zadovoljstvom najavljuje\u00a0Dan programa Europske unije, koji \u0107e se odr\u017eati u ponedjeljak,\u00a06. listopada 2025. [&hellip;]","_links":{"self":[{"href":"https:\/\/kreativna-europa.ba\/en\/wp-json\/wp\/v2\/posts\/4210","targetHints":{"allow":["GET"]}}],"collection":[{"href":"https:\/\/kreativna-europa.ba\/en\/wp-json\/wp\/v2\/posts"}],"about":[{"href":"https:\/\/kreativna-europa.ba\/en\/wp-json\/wp\/v2\/types\/post"}],"author":[{"embeddable":true,"href":"https:\/\/kreativna-europa.ba\/en\/wp-json\/wp\/v2\/users\/1"}],"replies":[{"embeddable":true,"href":"https:\/\/kreativna-europa.ba\/en\/wp-json\/wp\/v2\/comments?post=4210"}],"version-history":[{"count":1,"href":"https:\/\/kreativna-europa.ba\/en\/wp-json\/wp\/v2\/posts\/4210\/revisions"}],"predecessor-version":[{"id":4215,"href":"https:\/\/kreativna-europa.ba\/en\/wp-json\/wp\/v2\/posts\/4210\/revisions\/4215"}],"wp:featuredmedia":[{"embeddable":true,"href":"https:\/\/kreativna-europa.ba\/en\/wp-json\/wp\/v2\/media\/4214"}],"wp:attachment":[{"href":"https:\/\/kreativna-europa.ba\/en\/wp-json\/wp\/v2\/media?parent=4210"}],"wp:term":[{"taxonomy":"category","embeddable":true,"href":"https:\/\/kreativna-europa.ba\/en\/wp-json\/wp\/v2\/categories?post=4210"},{"taxonomy":"post_tag","embeddable":true,"href":"https:\/\/kreativna-europa.ba\/en\/wp-json\/wp\/v2\/tags?post=4210"}],"curies":[{"name":"wp","href":"https:\/\/api.w.org\/{rel}","templated":true}]}}