{"id":4217,"date":"2025-10-08T11:59:47","date_gmt":"2025-10-08T11:59:47","guid":{"rendered":"https:\/\/kreativna-europa.ba\/?p=4217"},"modified":"2025-10-08T11:59:47","modified_gmt":"2025-10-08T11:59:47","slug":"prijavi-se-culture-moves-europe-2","status":"publish","type":"post","link":"https:\/\/kreativna-europa.ba\/en\/prijavi-se-culture-moves-europe-2\/","title":{"rendered":"PRIJAVI SE \u2013 Culture Moves Europe"},"content":{"rendered":"<hr class=\"wp-block-separator has-alpha-channel-opacity is-style-wide\"\/>\n\n\n\n<figure class=\"wp-block-image size-full is-resized\"><img fetchpriority=\"high\" decoding=\"async\" width=\"699\" height=\"387\" src=\"https:\/\/kreativna-europa.ba\/wp-content\/uploads\/2023\/04\/Culture-ME-open-call_7x3.jpg\" alt=\"\" class=\"wp-image-2034\" style=\"object-fit:cover;width:1200px;height:500px\" srcset=\"https:\/\/kreativna-europa.ba\/wp-content\/uploads\/2023\/04\/Culture-ME-open-call_7x3.jpg 699w, https:\/\/kreativna-europa.ba\/wp-content\/uploads\/2023\/04\/Culture-ME-open-call_7x3-300x166.jpg 300w, https:\/\/kreativna-europa.ba\/wp-content\/uploads\/2023\/04\/Culture-ME-open-call_7x3-200x111.jpg 200w, https:\/\/kreativna-europa.ba\/wp-content\/uploads\/2023\/04\/Culture-ME-open-call_7x3-400x221.jpg 400w, https:\/\/kreativna-europa.ba\/wp-content\/uploads\/2023\/04\/Culture-ME-open-call_7x3-600x332.jpg 600w\" sizes=\"(max-width: 699px) 100vw, 699px\" \/><\/figure>\n\n\n\n<div style=\"height:50px\" aria-hidden=\"true\" class=\"wp-block-spacer\"><\/div>\n\n\n\n<p>Jeste li umjetnik ili radite u podru\u010dju kulture i \u017eeljeli biste financijsku potporu za izvo\u0111enje projekta u drugoj zemlji?<\/p>\n\n\n\n<p>Culture Moves Europe nudi stipendije za mobilnost pojedina\u010dnim umjetnicima i kulturnim stru\u010dnjacima voljnim provesti projekt u inozemstvu i \u0161iriti kulturne vibracije diljem Europe i izvan nje.<\/p>\n\n\n\n<p>Za vi\u0161e informacija na<a href=\"https:\/\/culture.ec.europa.eu\/culture-moves-europe\">\u00a0linku.<\/a><\/p>\n\n\n\n<p><\/p>\n\n\n\n<p><\/p>","protected":false},"excerpt":{"rendered":"<p>Jeste li umjetnik ili radite u podru\u010dju kulture i \u017eeljeli biste financijsku potporu za izvo\u0111enje projekta u drugoj zemlji? Culture [&hellip;]<\/p>","protected":false},"author":1,"featured_media":4218,"comment_status":"closed","ping_status":"open","sticky":false,"template":"","format":"standard","meta":{"site-sidebar-layout":"no-sidebar","site-content-layout":"","ast-site-content-layout":"default","site-content-style":"default","site-sidebar-style":"default","ast-global-header-display":"","ast-banner-title-visibility":"","ast-main-header-display":"","ast-hfb-above-header-display":"","ast-hfb-below-header-display":"","ast-hfb-mobile-header-display":"","site-post-title":"","ast-breadcrumbs-content":"","ast-featured-img":"","footer-sml-layout":"","ast-disable-related-posts":"","theme-transparent-header-meta":"","adv-header-id-meta":"","stick-header-meta":"","header-above-stick-meta":"","header-main-stick-meta":"","header-below-stick-meta":"","astra-migrate-meta-layouts":"default","ast-page-background-enabled":"default","ast-page-background-meta":{"desktop":{"background-color":"var(--ast-global-color-4)","background-image":"","background-repeat":"repeat","background-position":"center center","background-size":"auto","background-attachment":"scroll","background-type":"","background-media":"","overlay-type":"","overlay-color":"","overlay-opacity":"","overlay-gradient":""},"tablet":{"background-color":"","background-image":"","background-repeat":"repeat","background-position":"center center","background-size":"auto","background-attachment":"scroll","background-type":"","background-media":"","overlay-type":"","overlay-color":"","overlay-opacity":"","overlay-gradient":""},"mobile":{"background-color":"","background-image":"","background-repeat":"repeat","background-position":"center center","background-size":"auto","background-attachment":"scroll","background-type":"","background-media":"","overlay-type":"","overlay-color":"","overlay-opacity":"","overlay-gradient":""}},"ast-content-background-meta":{"desktop":{"background-color":"var(--ast-global-color-5)","background-image":"","background-repeat":"repeat","background-position":"center center","background-size":"auto","background-attachment":"scroll","background-type":"","background-media":"","overlay-type":"","overlay-color":"","overlay-opacity":"","overlay-gradient":""},"tablet":{"background-color":"var(--ast-global-color-5)","background-image":"","background-repeat":"repeat","background-position":"center center","background-size":"auto","background-attachment":"scroll","background-type":"","background-media":"","overlay-type":"","overlay-color":"","overlay-opacity":"","overlay-gradient":""},"mobile":{"background-color":"var(--ast-global-color-5)","background-image":"","background-repeat":"repeat","background-position":"center center","background-size":"auto","background-attachment":"scroll","background-type":"","background-media":"","overlay-type":"","overlay-color":"","overlay-opacity":"","overlay-gradient":""}},"_themeisle_gutenberg_block_has_review":false,"footnotes":""},"categories":[64],"tags":[66,65],"class_list":["post-4217","post","type-post","status-publish","format-standard","has-post-thumbnail","hentry","category-pozivi","tag-media","tag-pozivi"],"rttpg_featured_image_url":{"full":["https:\/\/kreativna-europa.ba\/wp-content\/uploads\/2025\/10\/CULTURE-MOVES-th.jpg",720,400,false],"landscape":["https:\/\/kreativna-europa.ba\/wp-content\/uploads\/2025\/10\/CULTURE-MOVES-th.jpg",720,400,false],"portraits":["https:\/\/kreativna-europa.ba\/wp-content\/uploads\/2025\/10\/CULTURE-MOVES-th.jpg",720,400,false],"thumbnail":["https:\/\/kreativna-europa.ba\/wp-content\/uploads\/2025\/10\/CULTURE-MOVES-th-150x150.jpg",150,150,true],"medium":["https:\/\/kreativna-europa.ba\/wp-content\/uploads\/2025\/10\/CULTURE-MOVES-th-300x167.jpg",300,167,true],"large":["https:\/\/kreativna-europa.ba\/wp-content\/uploads\/2025\/10\/CULTURE-MOVES-th.jpg",720,400,false],"1536x1536":["https:\/\/kreativna-europa.ba\/wp-content\/uploads\/2025\/10\/CULTURE-MOVES-th.jpg",720,400,false],"2048x2048":["https:\/\/kreativna-europa.ba\/wp-content\/uploads\/2025\/10\/CULTURE-MOVES-th.jpg",720,400,false],"trp-custom-language-flag":["https:\/\/kreativna-europa.ba\/wp-content\/uploads\/2025\/10\/CULTURE-MOVES-th-18x10.jpg",18,10,true]},"rttpg_author":{"display_name":"kreativnaeuropa","author_link":"https:\/\/kreativna-europa.ba\/en\/author\/kreativnaeuropa\/"},"rttpg_comment":0,"rttpg_category":"<a href=\"https:\/\/kreativna-europa.ba\/en\/category\/pozivi\/\" rel=\"category tag\">Pozivi<\/a>","rttpg_excerpt":"Jeste li umjetnik ili radite u podru\u010dju kulture i \u017eeljeli biste financijsku potporu za izvo\u0111enje projekta u drugoj zemlji? Culture [&hellip;]","_links":{"self":[{"href":"https:\/\/kreativna-europa.ba\/en\/wp-json\/wp\/v2\/posts\/4217","targetHints":{"allow":["GET"]}}],"collection":[{"href":"https:\/\/kreativna-europa.ba\/en\/wp-json\/wp\/v2\/posts"}],"about":[{"href":"https:\/\/kreativna-europa.ba\/en\/wp-json\/wp\/v2\/types\/post"}],"author":[{"embeddable":true,"href":"https:\/\/kreativna-europa.ba\/en\/wp-json\/wp\/v2\/users\/1"}],"replies":[{"embeddable":true,"href":"https:\/\/kreativna-europa.ba\/en\/wp-json\/wp\/v2\/comments?post=4217"}],"version-history":[{"count":1,"href":"https:\/\/kreativna-europa.ba\/en\/wp-json\/wp\/v2\/posts\/4217\/revisions"}],"predecessor-version":[{"id":4219,"href":"https:\/\/kreativna-europa.ba\/en\/wp-json\/wp\/v2\/posts\/4217\/revisions\/4219"}],"wp:featuredmedia":[{"embeddable":true,"href":"https:\/\/kreativna-europa.ba\/en\/wp-json\/wp\/v2\/media\/4218"}],"wp:attachment":[{"href":"https:\/\/kreativna-europa.ba\/en\/wp-json\/wp\/v2\/media?parent=4217"}],"wp:term":[{"taxonomy":"category","embeddable":true,"href":"https:\/\/kreativna-europa.ba\/en\/wp-json\/wp\/v2\/categories?post=4217"},{"taxonomy":"post_tag","embeddable":true,"href":"https:\/\/kreativna-europa.ba\/en\/wp-json\/wp\/v2\/tags?post=4217"}],"curies":[{"name":"wp","href":"https:\/\/api.w.org\/{rel}","templated":true}]}}