{"id":4221,"date":"2025-10-20T14:16:04","date_gmt":"2025-10-20T14:16:04","guid":{"rendered":"https:\/\/kreativna-europa.ba\/?p=4221"},"modified":"2025-10-20T14:16:04","modified_gmt":"2025-10-20T14:16:04","slug":"novi-javni-pozivi-za-prijave-na-projekte-2","status":"publish","type":"post","link":"https:\/\/kreativna-europa.ba\/en\/novi-javni-pozivi-za-prijave-na-projekte-2\/","title":{"rendered":"New public calls for project applications have been opened"},"content":{"rendered":"<hr class=\"wp-block-separator has-alpha-channel-opacity is-style-wide\"\/>\n\n\n\n<figure class=\"wp-block-image size-full\"><img fetchpriority=\"high\" decoding=\"async\" width=\"1200\" height=\"400\" src=\"https:\/\/kreativna-europa.ba\/wp-content\/uploads\/2024\/12\/novi-pozivi.jpg\" alt=\"\" class=\"wp-image-3873\" style=\"object-fit:cover\" srcset=\"https:\/\/kreativna-europa.ba\/wp-content\/uploads\/2024\/12\/novi-pozivi.jpg 1200w, https:\/\/kreativna-europa.ba\/wp-content\/uploads\/2024\/12\/novi-pozivi-300x100.jpg 300w, https:\/\/kreativna-europa.ba\/wp-content\/uploads\/2024\/12\/novi-pozivi-1024x341.jpg 1024w, https:\/\/kreativna-europa.ba\/wp-content\/uploads\/2024\/12\/novi-pozivi-768x256.jpg 768w, https:\/\/kreativna-europa.ba\/wp-content\/uploads\/2024\/12\/novi-pozivi-18x6.jpg 18w\" sizes=\"(max-width: 1200px) 100vw, 1200px\" \/><\/figure>\n\n\n\n<div style=\"height:50px\" aria-hidden=\"true\" class=\"wp-block-spacer\"><\/div>\n\n\n\n<p>Europska komisija objavila je niz&nbsp;<strong>otvorenih natje\u010daja<\/strong>&nbsp;u sklopu programa&nbsp;<strong>Creative Europe (CREA)<\/strong>, namijenjenih potpori kulturnom i kreativnom sektoru. Cilj programa je poticati suradnju, inovacije i cirkulaciju europskih djela unutar i izvan granica EU.<\/p>\n\n\n\n<p>Trenutno su otvoreni pozivi za prijave u vi\u0161e kategorija, me\u0111u kojima su:<\/p>\n\n\n\n<ul class=\"wp-block-list\">\n<li><strong>Circulation of European Literary Works (CREA-CULT-2026-LIT)<\/strong>\u00a0\u2013 potpora prevo\u0111enju i promociji europske knji\u017eevnosti<\/li>\n\n\n\n<li><strong>ZMINA: Resilience Seed Funding<\/strong>\u00a0\u2013 podr\u0161ka kulturnim projektima u kriznim regijama<\/li>\n\n\n\n<li><strong>Films on the Move (CREA-MEDIA-2026-FILMOVE)<\/strong>\u00a0\u2013 distribucija europskih filmova<\/li>\n\n\n\n<li><strong>European Co-Development (CREA-MEDIA-2026-CODEV)<\/strong>\u00a0\u2013 zajedni\u010dki razvoj audiovizualnih projekata<\/li>\n\n\n\n<li><strong>Video Games and Immersive Content Development (CREA-MEDIA-2026-DEVVGIM)<\/strong>\u00a0\u2013 razvoj videoigara i imerzivnog sadr\u017eaja <\/li>\n\n\n\n<li><strong>European Slate Development (CREA-MEDIA-2026-DEVSLATE)<\/strong>\u00a0\u2013 podr\u0161ka razvoju vi\u0161e projekata istog producenta<\/li>\n\n\n\n<li><strong>TV and Online Content<\/strong>\u00a0\u2013 natje\u010daji za\u00a0<strong>animirane<\/strong>,\u00a0<strong>dokumentarne<\/strong>\u00a0i\u00a0<strong>igrane projekte<\/strong><\/li>\n\n\n\n<li><strong>Innovative Tools and Business Models (CREA-MEDIA-2026-INNOVBUSMOD)<\/strong>\u00a0\u2013 inovativni alati i poslovni modeli u audiovizualnom sektoru<\/li>\n\n\n\n<li><strong>Markets and Networking (CREA-MEDIA-2026-MARKETNET)<\/strong>\u00a0\u2013 potpora tr\u017ei\u0161tima i umre\u017eavanju profesionalaca<\/li>\n\n\n\n<li><strong>EFFEA Call #4<\/strong>\u00a0i\u00a0<strong>THE HUBS (LSE III)<\/strong>\u00a0\u2013 programi kaskadnog financiranja za europske festivale i mre\u017ee<\/li>\n<\/ul>\n\n\n\n<p>Svi natje\u010daji dostupni su putem slu\u017ebene stranice\u00a0<strong>Funding &amp; Tenders Portal<\/strong>)\u00a0Europske komisije na ovom <a href=\"https:\/\/ec.europa.eu\/info\/funding-tenders\/opportunities\/portal\/screen\/opportunities\/calls-for-proposals?frameworkProgramme=43251814&amp;programmePeriod=2021%20-%202027&amp;isExactMatch=true&amp;status=31094501,31094502,31094503&amp;order=DESC&amp;pageNumber=1&amp;pageSize=50&amp;sortBy=startDate\">linku<\/a>.<br>Zainteresirane organizacije, udruge i kreativni profesionalci pozivaju se da pravovremeno pripreme i podnesu svoje projektne prijave.<\/p>","protected":false},"excerpt":{"rendered":"<p>Europska komisija objavila je niz&nbsp;otvorenih natje\u010daja&nbsp;u sklopu programa&nbsp;Creative Europe (CREA), namijenjenih potpori kulturnom i kreativnom sektoru. Cilj programa je poticati [&hellip;]<\/p>","protected":false},"author":1,"featured_media":3874,"comment_status":"closed","ping_status":"open","sticky":false,"template":"","format":"standard","meta":{"site-sidebar-layout":"no-sidebar","site-content-layout":"","ast-site-content-layout":"default","site-content-style":"default","site-sidebar-style":"default","ast-global-header-display":"","ast-banner-title-visibility":"","ast-main-header-display":"","ast-hfb-above-header-display":"","ast-hfb-below-header-display":"","ast-hfb-mobile-header-display":"","site-post-title":"","ast-breadcrumbs-content":"","ast-featured-img":"","footer-sml-layout":"","ast-disable-related-posts":"","theme-transparent-header-meta":"","adv-header-id-meta":"","stick-header-meta":"","header-above-stick-meta":"","header-main-stick-meta":"","header-below-stick-meta":"","astra-migrate-meta-layouts":"default","ast-page-background-enabled":"default","ast-page-background-meta":{"desktop":{"background-color":"var(--ast-global-color-4)","background-image":"","background-repeat":"repeat","background-position":"center center","background-size":"auto","background-attachment":"scroll","background-type":"","background-media":"","overlay-type":"","overlay-color":"","overlay-opacity":"","overlay-gradient":""},"tablet":{"background-color":"","background-image":"","background-repeat":"repeat","background-position":"center center","background-size":"auto","background-attachment":"scroll","background-type":"","background-media":"","overlay-type":"","overlay-color":"","overlay-opacity":"","overlay-gradient":""},"mobile":{"background-color":"","background-image":"","background-repeat":"repeat","background-position":"center center","background-size":"auto","background-attachment":"scroll","background-type":"","background-media":"","overlay-type":"","overlay-color":"","overlay-opacity":"","overlay-gradient":""}},"ast-content-background-meta":{"desktop":{"background-color":"var(--ast-global-color-5)","background-image":"","background-repeat":"repeat","background-position":"center center","background-size":"auto","background-attachment":"scroll","background-type":"","background-media":"","overlay-type":"","overlay-color":"","overlay-opacity":"","overlay-gradient":""},"tablet":{"background-color":"var(--ast-global-color-5)","background-image":"","background-repeat":"repeat","background-position":"center center","background-size":"auto","background-attachment":"scroll","background-type":"","background-media":"","overlay-type":"","overlay-color":"","overlay-opacity":"","overlay-gradient":""},"mobile":{"background-color":"var(--ast-global-color-5)","background-image":"","background-repeat":"repeat","background-position":"center center","background-size":"auto","background-attachment":"scroll","background-type":"","background-media":"","overlay-type":"","overlay-color":"","overlay-opacity":"","overlay-gradient":""}},"_themeisle_gutenberg_block_has_review":false,"footnotes":""},"categories":[64],"tags":[66,65],"class_list":["post-4221","post","type-post","status-publish","format-standard","has-post-thumbnail","hentry","category-pozivi","tag-media","tag-pozivi"],"rttpg_featured_image_url":{"full":["https:\/\/kreativna-europa.ba\/wp-content\/uploads\/2024\/12\/novifeature.jpg",720,400,false],"landscape":["https:\/\/kreativna-europa.ba\/wp-content\/uploads\/2024\/12\/novifeature.jpg",720,400,false],"portraits":["https:\/\/kreativna-europa.ba\/wp-content\/uploads\/2024\/12\/novifeature.jpg",720,400,false],"thumbnail":["https:\/\/kreativna-europa.ba\/wp-content\/uploads\/2024\/12\/novifeature-150x150.jpg",150,150,true],"medium":["https:\/\/kreativna-europa.ba\/wp-content\/uploads\/2024\/12\/novifeature-300x167.jpg",300,167,true],"large":["https:\/\/kreativna-europa.ba\/wp-content\/uploads\/2024\/12\/novifeature.jpg",720,400,false],"1536x1536":["https:\/\/kreativna-europa.ba\/wp-content\/uploads\/2024\/12\/novifeature.jpg",720,400,false],"2048x2048":["https:\/\/kreativna-europa.ba\/wp-content\/uploads\/2024\/12\/novifeature.jpg",720,400,false],"trp-custom-language-flag":["https:\/\/kreativna-europa.ba\/wp-content\/uploads\/2024\/12\/novifeature-18x10.jpg",18,10,true]},"rttpg_author":{"display_name":"kreativnaeuropa","author_link":"https:\/\/kreativna-europa.ba\/en\/author\/kreativnaeuropa\/"},"rttpg_comment":0,"rttpg_category":"<a href=\"https:\/\/kreativna-europa.ba\/en\/category\/pozivi\/\" rel=\"category tag\">Pozivi<\/a>","rttpg_excerpt":"Europska komisija objavila je niz&nbsp;otvorenih natje\u010daja&nbsp;u sklopu programa&nbsp;Creative Europe (CREA), namijenjenih potpori kulturnom i kreativnom sektoru. Cilj programa je poticati [&hellip;]","_links":{"self":[{"href":"https:\/\/kreativna-europa.ba\/en\/wp-json\/wp\/v2\/posts\/4221","targetHints":{"allow":["GET"]}}],"collection":[{"href":"https:\/\/kreativna-europa.ba\/en\/wp-json\/wp\/v2\/posts"}],"about":[{"href":"https:\/\/kreativna-europa.ba\/en\/wp-json\/wp\/v2\/types\/post"}],"author":[{"embeddable":true,"href":"https:\/\/kreativna-europa.ba\/en\/wp-json\/wp\/v2\/users\/1"}],"replies":[{"embeddable":true,"href":"https:\/\/kreativna-europa.ba\/en\/wp-json\/wp\/v2\/comments?post=4221"}],"version-history":[{"count":1,"href":"https:\/\/kreativna-europa.ba\/en\/wp-json\/wp\/v2\/posts\/4221\/revisions"}],"predecessor-version":[{"id":4222,"href":"https:\/\/kreativna-europa.ba\/en\/wp-json\/wp\/v2\/posts\/4221\/revisions\/4222"}],"wp:featuredmedia":[{"embeddable":true,"href":"https:\/\/kreativna-europa.ba\/en\/wp-json\/wp\/v2\/media\/3874"}],"wp:attachment":[{"href":"https:\/\/kreativna-europa.ba\/en\/wp-json\/wp\/v2\/media?parent=4221"}],"wp:term":[{"taxonomy":"category","embeddable":true,"href":"https:\/\/kreativna-europa.ba\/en\/wp-json\/wp\/v2\/categories?post=4221"},{"taxonomy":"post_tag","embeddable":true,"href":"https:\/\/kreativna-europa.ba\/en\/wp-json\/wp\/v2\/tags?post=4221"}],"curies":[{"name":"wp","href":"https:\/\/api.w.org\/{rel}","templated":true}]}}