{"id":4271,"date":"2026-03-02T13:41:09","date_gmt":"2026-03-02T13:41:09","guid":{"rendered":"https:\/\/kreativna-europa.ba\/?p=4271"},"modified":"2026-03-02T13:41:09","modified_gmt":"2026-03-02T13:41:09","slug":"nadolazeci-pozivi-kreativna-europa-media-2026","status":"publish","type":"post","link":"https:\/\/kreativna-europa.ba\/en\/nadolazeci-pozivi-kreativna-europa-media-2026\/","title":{"rendered":"Nadolaze\u0107i pozivi \u2013 Kreativna Europa MEDIA 2026"},"content":{"rendered":"<hr class=\"wp-block-separator has-alpha-channel-opacity is-style-wide\"\/>\n\n\n\n<figure class=\"wp-block-image size-full\"><img fetchpriority=\"high\" decoding=\"async\" width=\"1200\" height=\"600\" src=\"https:\/\/kreativna-europa.ba\/wp-content\/uploads\/2026\/03\/nadolazeci-pozivi-2026-1.jpg\" alt=\"\" class=\"wp-image-4272\" style=\"object-fit:cover\" srcset=\"https:\/\/kreativna-europa.ba\/wp-content\/uploads\/2026\/03\/nadolazeci-pozivi-2026-1.jpg 1200w, https:\/\/kreativna-europa.ba\/wp-content\/uploads\/2026\/03\/nadolazeci-pozivi-2026-1-300x150.jpg 300w, https:\/\/kreativna-europa.ba\/wp-content\/uploads\/2026\/03\/nadolazeci-pozivi-2026-1-1024x512.jpg 1024w, https:\/\/kreativna-europa.ba\/wp-content\/uploads\/2026\/03\/nadolazeci-pozivi-2026-1-768x384.jpg 768w, https:\/\/kreativna-europa.ba\/wp-content\/uploads\/2026\/03\/nadolazeci-pozivi-2026-1-18x9.jpg 18w\" sizes=\"(max-width: 1200px) 100vw, 1200px\" \/><\/figure>\n\n\n\n<div style=\"height:50px\" aria-hidden=\"true\" class=\"wp-block-spacer\"><\/div>\n\n\n\n<p>Program\u00a0<strong>Kreativna Europa\u00a0\u2013 MEDIA<\/strong>\u00a0i u 2026. godini nastavlja pru\u017eati sna\u017enu potporu europskoj audiovizualnoj industriji, s posebnim naglaskom na razvoj projekata, distribuciju i ja\u010danje suradnje na europskoj razini. U nastavku donosimo pregled nadolaze\u0107ih poziva.<\/p>\n\n\n\n<h3 class=\"wp-block-heading\"><a href=\"https:\/\/ec.europa.eu\/info\/funding-tenders\/opportunities\/portal\/screen\/opportunities\/topic-details\/CREA-MEDIA-2026-CINNET?isExactMatch=true&amp;status=31094501&amp;programmePeriod=2021%20-%202027&amp;frameworkProgramme=43251814&amp;order=DESC&amp;pageNumber=1&amp;pageSize=50&amp;sortBy=startDate\">Networks of European Cinemas<\/a><\/h3>\n\n\n\n<p><strong>(CREA-MEDIA-2026-CINNET)<\/strong><\/p>\n\n\n\n<p>Poziv je usmjeren na potporu mre\u017eama europskih kina koje aktivno doprinose prikazivanju i promociji nenacionalnih europskih filmova. Cilj je oja\u010dati suradnju me\u0111u kinima, pove\u0107ati vidljivost europskih djela te razviti publiku kroz zajedni\u010dke inicijative i inovativne modele rada.<\/p>\n\n\n\n<h4 class=\"wp-block-heading\">Klju\u010dni ciljevi:<\/h4>\n\n\n\n<ul class=\"wp-block-list\">\n<li>Pove\u0107anje udjela nenacionalnih europskih filmova u kinodistribuciji<\/li>\n\n\n\n<li>Ja\u010danje suradnje i razmjene dobrih praksi me\u0111u kinima<\/li>\n\n\n\n<li>Razvoj i pro\u0161irenje publike, posebno mladih gledatelja<\/li>\n\n\n\n<li>Poticanje digitalnih i zelenih praksi u kinoprikaziva\u010dkom sektoru<\/li>\n<\/ul>\n\n\n\n<p>Poziv je namijenjen postoje\u0107im mre\u017eama kina koje djeluju na europskoj razini i okupljaju zna\u010dajan broj dvorana iz razli\u010ditih zemalja sudionica Programa.<\/p>\n\n\n\n<h3 class=\"wp-block-heading\"><a href=\"https:\/\/ec.europa.eu\/info\/funding-tenders\/opportunities\/portal\/screen\/opportunities\/topic-details\/CREA-MEDIA-2026-DEVMINISLATE?order=DESC&amp;pageNumber=1&amp;pageSize=50&amp;sortBy=startDate&amp;isExactMatch=true&amp;status=31094501&amp;programmePeriod=2021%20-%202027&amp;frameworkProgramme=43251814\">European Mini-Slate Development<\/a><\/h3>\n\n\n\n<p><strong>(CREA-MEDIA-2026-DEVMINISLATE)<\/strong><\/p>\n\n\n\n<p>Ovaj poziv namijenjen je neovisnim europskim produkcijskim ku\u0107ama za razvoj paketa od najmanje dva do najvi\u0161e tri audiovizualna projekta (tzv. mini-slate). Cilj je potaknuti strate\u0161ko planiranje, me\u0111unarodnu suradnju i konkurentnost europskih produkcija na globalnom tr\u017ei\u0161tu.<\/p>\n\n\n\n<h4 class=\"wp-block-heading\">Podr\u017eane aktivnosti uklju\u010duju:<\/h4>\n\n\n\n<ul class=\"wp-block-list\">\n<li>Razvoj igranih, animiranih ili dokumentarnih filmova<\/li>\n\n\n\n<li>Razvoj TV serija i inovativnih narativnih formata<\/li>\n\n\n\n<li>Aktivnosti vezane uz istra\u017eivanje tr\u017ei\u0161ta i razvoj publike<\/li>\n\n\n\n<li>Ja\u010danje poslovnih kapaciteta produkcijskih ku\u0107a<\/li>\n<\/ul>\n\n\n\n<p>Poseban naglasak stavlja se na me\u0111unarodni potencijal projekata, inovativnost sadr\u017eaja i odr\u017eivost poslovnog modela.<\/p>\n\n\n\n<h3 class=\"wp-block-heading\"><a href=\"https:\/\/ec.europa.eu\/info\/funding-tenders\/opportunities\/portal\/screen\/opportunities\/topic-details\/CREA-MEDIA-2026-FILMSALES?isExactMatch=true&amp;status=31094501&amp;programmePeriod=2021%20-%202027&amp;frameworkProgramme=43251814&amp;order=DESC&amp;pageNumber=1&amp;pageSize=50&amp;sortBy=startDate\">European Film Sales Agent<\/a><\/h3>\n\n\n\n<p><strong>(CREA-MEDIA-2026-FILMSALES)<\/strong><\/p>\n\n\n\n<p>Poziv je namijenjen europskim prodajnim agentima (sales agents) koji se bave me\u0111unarodnom distribucijom i plasmanom europskih filmova. Cilj je oja\u010dati kapacitete prodajnih ku\u0107a za ulaganje u promociju, marketing i me\u0111unarodnu eksploataciju europskih audiovizualnih djela.<\/p>\n\n\n\n<h4 class=\"wp-block-heading\">Klju\u010dni ciljevi:<\/h4>\n\n\n\n<ul class=\"wp-block-list\">\n<li>Pove\u0107anje me\u0111unarodne cirkulacije europskih filmova<\/li>\n\n\n\n<li>Ja\u010danje konkurentnosti europskih prodajnih agenata<\/li>\n\n\n\n<li>Poticanje reinvestiranja prihoda u nova europska djela<\/li>\n\n\n\n<li>Razvoj strategija za pristup novim tr\u017ei\u0161tima i publikama<\/li>\n<\/ul>\n\n\n\n<p>Potpora se temelji na modelu koji poti\u010de ulaganje u promociju i distribuciju nenacionalnih europskih filmova, \u010dime se doprinosi ja\u010danju europske audiovizualne industrije u globalnom kontekstu.<\/p>\n\n\n\n<p>Svi natje\u010daji dostupni su putem slu\u017ebene stranice&nbsp;<strong>Funding &amp; Tenders Portal<\/strong>)&nbsp;Europske komisije na ovom <a href=\"https:\/\/ec.europa.eu\/info\/funding-tenders\/opportunities\/portal\/screen\/opportunities\/calls-for-proposals?frameworkProgramme=43251814&amp;programmePeriod=2021%20-%202027&amp;isExactMatch=true&amp;status=31094501,31094502,31094503&amp;order=DESC&amp;pageNumber=1&amp;pageSize=50&amp;sortBy=startDate\">linku<\/a>.<br>Zainteresirane organizacije, udruge i kreativni profesionalci pozivaju se da pravovremeno pripreme i podnesu svoje projektne prijave.<\/p>","protected":false},"excerpt":{"rendered":"<p>Program\u00a0Kreativna Europa\u00a0\u2013 MEDIA\u00a0i u 2026. godini nastavlja pru\u017eati sna\u017enu potporu europskoj audiovizualnoj industriji, s posebnim naglaskom na razvoj projekata, distribuciju [&hellip;]<\/p>","protected":false},"author":1,"featured_media":4273,"comment_status":"closed","ping_status":"open","sticky":false,"template":"","format":"standard","meta":{"site-sidebar-layout":"no-sidebar","site-content-layout":"","ast-site-content-layout":"default","site-content-style":"default","site-sidebar-style":"default","ast-global-header-display":"","ast-banner-title-visibility":"","ast-main-header-display":"","ast-hfb-above-header-display":"","ast-hfb-below-header-display":"","ast-hfb-mobile-header-display":"","site-post-title":"","ast-breadcrumbs-content":"","ast-featured-img":"","footer-sml-layout":"","ast-disable-related-posts":"","theme-transparent-header-meta":"","adv-header-id-meta":"","stick-header-meta":"","header-above-stick-meta":"","header-main-stick-meta":"","header-below-stick-meta":"","astra-migrate-meta-layouts":"default","ast-page-background-enabled":"default","ast-page-background-meta":{"desktop":{"background-color":"var(--ast-global-color-4)","background-image":"","background-repeat":"repeat","background-position":"center center","background-size":"auto","background-attachment":"scroll","background-type":"","background-media":"","overlay-type":"","overlay-color":"","overlay-opacity":"","overlay-gradient":""},"tablet":{"background-color":"","background-image":"","background-repeat":"repeat","background-position":"center center","background-size":"auto","background-attachment":"scroll","background-type":"","background-media":"","overlay-type":"","overlay-color":"","overlay-opacity":"","overlay-gradient":""},"mobile":{"background-color":"","background-image":"","background-repeat":"repeat","background-position":"center center","background-size":"auto","background-attachment":"scroll","background-type":"","background-media":"","overlay-type":"","overlay-color":"","overlay-opacity":"","overlay-gradient":""}},"ast-content-background-meta":{"desktop":{"background-color":"var(--ast-global-color-5)","background-image":"","background-repeat":"repeat","background-position":"center center","background-size":"auto","background-attachment":"scroll","background-type":"","background-media":"","overlay-type":"","overlay-color":"","overlay-opacity":"","overlay-gradient":""},"tablet":{"background-color":"var(--ast-global-color-5)","background-image":"","background-repeat":"repeat","background-position":"center center","background-size":"auto","background-attachment":"scroll","background-type":"","background-media":"","overlay-type":"","overlay-color":"","overlay-opacity":"","overlay-gradient":""},"mobile":{"background-color":"var(--ast-global-color-5)","background-image":"","background-repeat":"repeat","background-position":"center center","background-size":"auto","background-attachment":"scroll","background-type":"","background-media":"","overlay-type":"","overlay-color":"","overlay-opacity":"","overlay-gradient":""}},"_themeisle_gutenberg_block_has_review":false,"footnotes":""},"categories":[64],"tags":[66,65],"class_list":["post-4271","post","type-post","status-publish","format-standard","has-post-thumbnail","hentry","category-pozivi","tag-media","tag-pozivi"],"rttpg_featured_image_url":{"full":["https:\/\/kreativna-europa.ba\/wp-content\/uploads\/2026\/03\/nadolazeci-pozivi-2026-1-th.jpg",720,400,false],"landscape":["https:\/\/kreativna-europa.ba\/wp-content\/uploads\/2026\/03\/nadolazeci-pozivi-2026-1-th.jpg",720,400,false],"portraits":["https:\/\/kreativna-europa.ba\/wp-content\/uploads\/2026\/03\/nadolazeci-pozivi-2026-1-th.jpg",720,400,false],"thumbnail":["https:\/\/kreativna-europa.ba\/wp-content\/uploads\/2026\/03\/nadolazeci-pozivi-2026-1-th-150x150.jpg",150,150,true],"medium":["https:\/\/kreativna-europa.ba\/wp-content\/uploads\/2026\/03\/nadolazeci-pozivi-2026-1-th-300x167.jpg",300,167,true],"large":["https:\/\/kreativna-europa.ba\/wp-content\/uploads\/2026\/03\/nadolazeci-pozivi-2026-1-th.jpg",720,400,false],"1536x1536":["https:\/\/kreativna-europa.ba\/wp-content\/uploads\/2026\/03\/nadolazeci-pozivi-2026-1-th.jpg",720,400,false],"2048x2048":["https:\/\/kreativna-europa.ba\/wp-content\/uploads\/2026\/03\/nadolazeci-pozivi-2026-1-th.jpg",720,400,false],"trp-custom-language-flag":["https:\/\/kreativna-europa.ba\/wp-content\/uploads\/2026\/03\/nadolazeci-pozivi-2026-1-th-18x10.jpg",18,10,true]},"rttpg_author":{"display_name":"kreativnaeuropa","author_link":"https:\/\/kreativna-europa.ba\/en\/author\/kreativnaeuropa\/"},"rttpg_comment":0,"rttpg_category":"<a href=\"https:\/\/kreativna-europa.ba\/en\/category\/pozivi\/\" rel=\"category tag\">Pozivi<\/a>","rttpg_excerpt":"Program\u00a0Kreativna Europa\u00a0\u2013 MEDIA\u00a0i u 2026. godini nastavlja pru\u017eati sna\u017enu potporu europskoj audiovizualnoj industriji, s posebnim naglaskom na razvoj projekata, distribuciju [&hellip;]","_links":{"self":[{"href":"https:\/\/kreativna-europa.ba\/en\/wp-json\/wp\/v2\/posts\/4271","targetHints":{"allow":["GET"]}}],"collection":[{"href":"https:\/\/kreativna-europa.ba\/en\/wp-json\/wp\/v2\/posts"}],"about":[{"href":"https:\/\/kreativna-europa.ba\/en\/wp-json\/wp\/v2\/types\/post"}],"author":[{"embeddable":true,"href":"https:\/\/kreativna-europa.ba\/en\/wp-json\/wp\/v2\/users\/1"}],"replies":[{"embeddable":true,"href":"https:\/\/kreativna-europa.ba\/en\/wp-json\/wp\/v2\/comments?post=4271"}],"version-history":[{"count":2,"href":"https:\/\/kreativna-europa.ba\/en\/wp-json\/wp\/v2\/posts\/4271\/revisions"}],"predecessor-version":[{"id":4275,"href":"https:\/\/kreativna-europa.ba\/en\/wp-json\/wp\/v2\/posts\/4271\/revisions\/4275"}],"wp:featuredmedia":[{"embeddable":true,"href":"https:\/\/kreativna-europa.ba\/en\/wp-json\/wp\/v2\/media\/4273"}],"wp:attachment":[{"href":"https:\/\/kreativna-europa.ba\/en\/wp-json\/wp\/v2\/media?parent=4271"}],"wp:term":[{"taxonomy":"category","embeddable":true,"href":"https:\/\/kreativna-europa.ba\/en\/wp-json\/wp\/v2\/categories?post=4271"},{"taxonomy":"post_tag","embeddable":true,"href":"https:\/\/kreativna-europa.ba\/en\/wp-json\/wp\/v2\/tags?post=4271"}],"curies":[{"name":"wp","href":"https:\/\/api.w.org\/{rel}","templated":true}]}}