{"id":4280,"date":"2026-03-10T09:41:30","date_gmt":"2026-03-10T09:41:30","guid":{"rendered":"https:\/\/kreativna-europa.ba\/?p=4280"},"modified":"2026-03-10T09:41:30","modified_gmt":"2026-03-10T09:41:30","slug":"european-cooperation-projects-2026-small-i-medium-scale-pozivi","status":"publish","type":"post","link":"https:\/\/kreativna-europa.ba\/en\/european-cooperation-projects-2026-small-i-medium-scale-pozivi\/","title":{"rendered":"European Cooperation Projects 2026 \u2013 Small i Medium Scale pozivi"},"content":{"rendered":"<figure class=\"wp-block-image size-full\"><img fetchpriority=\"high\" decoding=\"async\" width=\"1200\" height=\"600\" src=\"https:\/\/kreativna-europa.ba\/wp-content\/uploads\/2026\/03\/COOP-MEDIUM-SMALL-cover.jpg\" alt=\"\" class=\"wp-image-4281\" style=\"object-fit:cover\" srcset=\"https:\/\/kreativna-europa.ba\/wp-content\/uploads\/2026\/03\/COOP-MEDIUM-SMALL-cover.jpg 1200w, https:\/\/kreativna-europa.ba\/wp-content\/uploads\/2026\/03\/COOP-MEDIUM-SMALL-cover-300x150.jpg 300w, https:\/\/kreativna-europa.ba\/wp-content\/uploads\/2026\/03\/COOP-MEDIUM-SMALL-cover-1024x512.jpg 1024w, https:\/\/kreativna-europa.ba\/wp-content\/uploads\/2026\/03\/COOP-MEDIUM-SMALL-cover-768x384.jpg 768w, https:\/\/kreativna-europa.ba\/wp-content\/uploads\/2026\/03\/COOP-MEDIUM-SMALL-cover-18x9.jpg 18w\" sizes=\"(max-width: 1200px) 100vw, 1200px\" \/><\/figure>\n\n\n\n<div style=\"height:50px\" aria-hidden=\"true\" class=\"wp-block-spacer\"><\/div>\n\n\n\n<p>Program\u00a0Kreativna Europa\u00a0objavio je nove pozive za\u00a0<strong>European Cooperation Projects<\/strong>\u00a0u okviru potprograma\u00a0<strong>Culture<\/strong>\u00a0za 2026. godinu. Ovi pozivi poti\u010du me\u0111unarodnu suradnju kulturnih i kreativnih organizacija u Europi kroz razvoj projekata koji uklju\u010duju umjetnike, institucije i publiku iz vi\u0161e zemalja.<\/p>\n\n\n\n<h3 class=\"wp-block-heading\"><a href=\"https:\/\/ec.europa.eu\/info\/funding-tenders\/opportunities\/portal\/screen\/opportunities\/topic-details\/CREA-CULT-2026-COOP-1?order=DESC&amp;pageNumber=1&amp;pageSize=50&amp;sortBy=startDate&amp;isExactMatch=true&amp;status=31094501,31094502&amp;programmePeriod=2021%20-%202027&amp;frameworkProgramme=43251814\">European Cooperation Projects \u2013 Small Scale<\/a><\/h3>\n\n\n\n<p><strong>(CREA-CULT-2026-COOP-1)<\/strong><\/p>\n\n\n\n<p>Ovaj poziv namijenjen je manjim me\u0111unarodnim partnerstvima koja \u017eele razviti inovativne kulturne projekte i testirati nove modele suradnje na europskoj razini. Cilj je omogu\u0107iti organizacijama, posebno manjim institucijama i organizacijama civilnog dru\u0161tva, lak\u0161i pristup europskom financiranju.<\/p>\n\n\n\n<p>Projekti trebaju uklju\u010divati najmanje&nbsp;<strong>tri partnerske organizacije iz tri razli\u010dite zemlje<\/strong>&nbsp;koje sudjeluju u programu Kreativna Europa. Aktivnosti mogu obuhva\u0107ati produkciju umjetni\u010dkih djela, me\u0111unarodnu mobilnost umjetnika, razvoj publike, digitalnu transformaciju kulturnog sektora ili projekte koji doprinose zelenoj tranziciji i dru\u0161tvenoj inkluziji.<\/p>\n\n\n\n<p>EU mo\u017ee financirati do&nbsp;<strong>80% ukupnog bud\u017eeta projekta<\/strong>, uz maksimalni iznos potpore do&nbsp;<strong>200.000 eura<\/strong>. Trajanje projekata obi\u010dno je do&nbsp;<strong>48 mjeseci<\/strong>.<\/p>\n\n\n\n<p>Poziv je posebno zanimljiv za&nbsp;<strong>manje organizacije, kulturne udruge, festivale, nezavisne producente i lokalne kulturne institucije<\/strong>&nbsp;koje \u017eele razviti me\u0111unarodne projekte, ali jo\u0161 nemaju iskustva s velikim europskim partnerstvima.<\/p>\n\n\n\n<h3 class=\"wp-block-heading\"><a href=\"https:\/\/ec.europa.eu\/info\/funding-tenders\/opportunities\/portal\/screen\/opportunities\/topic-details\/CREA-CULT-2026-COOP-2?isExactMatch=true&amp;status=31094501,31094502&amp;programmePeriod=2021%20-%202027&amp;frameworkProgramme=43251814&amp;order=DESC&amp;pageNumber=1&amp;pageSize=50&amp;sortBy=startDate\">European Cooperation Projects \u2013 Medium Scale<\/a><\/h3>\n\n\n\n<p><strong>(CREA-CULT-2026-COOP-2)<\/strong><\/p>\n\n\n\n<p>Poziv za&nbsp;<strong>Medium Scale projekte<\/strong>&nbsp;namijenjen je razvijenijim me\u0111unarodnim partnerstvima koja \u017eele provoditi ambicioznije projekte s ve\u0107im brojem sudionika i ve\u0107im bud\u017eetima.<\/p>\n\n\n\n<p>Projekt mora uklju\u010divati najmanje&nbsp;<strong>pet organizacija iz pet razli\u010ditih zemalja<\/strong>&nbsp;sudionica programa Kreativna Europa. Projekti mogu uklju\u010divati \u0161irok spektar aktivnosti, poput me\u0111unarodnih koprodukcija, turneja, izlo\u017ebi, edukacijskih programa, digitalnih platformi, razvoja publike ili projekata koji povezuju razli\u010dite kulturne i kreativne sektore.<\/p>\n\n\n\n<p>EU mo\u017ee financirati do&nbsp;<strong>70% ukupnog bud\u017eeta projekta<\/strong>, uz maksimalni iznos potpore do&nbsp;<strong>1 milijun eura<\/strong>. Kao i kod small-scale projekata, maksimalno trajanje projekta obi\u010dno je&nbsp;<strong>do 48 mjeseci<\/strong>.<\/p>\n\n\n\n<p>Ovaj poziv namijenjen je organizacijama koje ve\u0107 imaju iskustva u me\u0111unarodnoj suradnji i \u017eele razviti&nbsp;<strong>ve\u0107e europske projekte s dugoro\u010dnim utjecajem na kulturni sektor<\/strong>.<\/p>\n\n\n\n<h3 class=\"wp-block-heading\">Ciljevi projekata<\/h3>\n\n\n\n<p>Projekti koji se prijavljuju na ove pozive trebaju doprinijeti jednom ili vi\u0161e sljede\u0107ih ciljeva:<\/p>\n\n\n\n<ul class=\"wp-block-list\">\n<li>ja\u010danje\u00a0<strong>me\u0111unarodne mobilnosti umjetnika i kulturnih profesionalaca<\/strong><\/li>\n\n\n\n<li><strong>razvoj publike<\/strong>\u00a0i ve\u0107a dostupnost kulture<\/li>\n\n\n\n<li>poticanje\u00a0<strong>inovacija i digitalne transformacije<\/strong><\/li>\n\n\n\n<li>doprinos\u00a0<strong>zelenoj tranziciji kulturnog sektora<\/strong><\/li>\n\n\n\n<li>ja\u010danje\u00a0<strong>inkluzije, raznolikosti i rodne ravnopravnosti<\/strong><\/li>\n<\/ul>\n\n\n\n<p>Svi natje\u010daji dostupni su putem slu\u017ebene stranice&nbsp;<strong>Funding &amp; Tenders Portal<\/strong>)&nbsp;Europske komisije na ovom <a href=\"https:\/\/ec.europa.eu\/info\/funding-tenders\/opportunities\/portal\/screen\/opportunities\/calls-for-proposals?frameworkProgramme=43251814&amp;programmePeriod=2021%20-%202027&amp;isExactMatch=true&amp;status=31094501,31094502,31094503&amp;order=DESC&amp;pageNumber=1&amp;pageSize=50&amp;sortBy=startDate\">linku<\/a>.<br>Zainteresirane organizacije, udruge i kreativni profesionalci pozivaju se da pravovremeno pripreme i podnesu svoje projektne prijave.<\/p>","protected":false},"excerpt":{"rendered":"<p>Program\u00a0Kreativna Europa\u00a0objavio je nove pozive za\u00a0European Cooperation Projects\u00a0u okviru potprograma\u00a0Culture\u00a0za 2026. godinu. Ovi pozivi poti\u010du me\u0111unarodnu suradnju kulturnih i kreativnih [&hellip;]<\/p>","protected":false},"author":1,"featured_media":4282,"comment_status":"closed","ping_status":"open","sticky":false,"template":"","format":"standard","meta":{"site-sidebar-layout":"no-sidebar","site-content-layout":"","ast-site-content-layout":"default","site-content-style":"default","site-sidebar-style":"default","ast-global-header-display":"","ast-banner-title-visibility":"","ast-main-header-display":"","ast-hfb-above-header-display":"","ast-hfb-below-header-display":"","ast-hfb-mobile-header-display":"","site-post-title":"","ast-breadcrumbs-content":"","ast-featured-img":"","footer-sml-layout":"","ast-disable-related-posts":"","theme-transparent-header-meta":"","adv-header-id-meta":"","stick-header-meta":"","header-above-stick-meta":"","header-main-stick-meta":"","header-below-stick-meta":"","astra-migrate-meta-layouts":"default","ast-page-background-enabled":"default","ast-page-background-meta":{"desktop":{"background-color":"var(--ast-global-color-4)","background-image":"","background-repeat":"repeat","background-position":"center center","background-size":"auto","background-attachment":"scroll","background-type":"","background-media":"","overlay-type":"","overlay-color":"","overlay-opacity":"","overlay-gradient":""},"tablet":{"background-color":"","background-image":"","background-repeat":"repeat","background-position":"center center","background-size":"auto","background-attachment":"scroll","background-type":"","background-media":"","overlay-type":"","overlay-color":"","overlay-opacity":"","overlay-gradient":""},"mobile":{"background-color":"","background-image":"","background-repeat":"repeat","background-position":"center center","background-size":"auto","background-attachment":"scroll","background-type":"","background-media":"","overlay-type":"","overlay-color":"","overlay-opacity":"","overlay-gradient":""}},"ast-content-background-meta":{"desktop":{"background-color":"var(--ast-global-color-5)","background-image":"","background-repeat":"repeat","background-position":"center center","background-size":"auto","background-attachment":"scroll","background-type":"","background-media":"","overlay-type":"","overlay-color":"","overlay-opacity":"","overlay-gradient":""},"tablet":{"background-color":"var(--ast-global-color-5)","background-image":"","background-repeat":"repeat","background-position":"center center","background-size":"auto","background-attachment":"scroll","background-type":"","background-media":"","overlay-type":"","overlay-color":"","overlay-opacity":"","overlay-gradient":""},"mobile":{"background-color":"var(--ast-global-color-5)","background-image":"","background-repeat":"repeat","background-position":"center center","background-size":"auto","background-attachment":"scroll","background-type":"","background-media":"","overlay-type":"","overlay-color":"","overlay-opacity":"","overlay-gradient":""}},"_themeisle_gutenberg_block_has_review":false,"footnotes":""},"categories":[64],"tags":[66,65],"class_list":["post-4280","post","type-post","status-publish","format-standard","has-post-thumbnail","hentry","category-pozivi","tag-media","tag-pozivi"],"rttpg_featured_image_url":{"full":["https:\/\/kreativna-europa.ba\/wp-content\/uploads\/2026\/03\/COOP-MEDIUM-SMALL-th.jpg",720,400,false],"landscape":["https:\/\/kreativna-europa.ba\/wp-content\/uploads\/2026\/03\/COOP-MEDIUM-SMALL-th.jpg",720,400,false],"portraits":["https:\/\/kreativna-europa.ba\/wp-content\/uploads\/2026\/03\/COOP-MEDIUM-SMALL-th.jpg",720,400,false],"thumbnail":["https:\/\/kreativna-europa.ba\/wp-content\/uploads\/2026\/03\/COOP-MEDIUM-SMALL-th-150x150.jpg",150,150,true],"medium":["https:\/\/kreativna-europa.ba\/wp-content\/uploads\/2026\/03\/COOP-MEDIUM-SMALL-th-300x167.jpg",300,167,true],"large":["https:\/\/kreativna-europa.ba\/wp-content\/uploads\/2026\/03\/COOP-MEDIUM-SMALL-th.jpg",720,400,false],"1536x1536":["https:\/\/kreativna-europa.ba\/wp-content\/uploads\/2026\/03\/COOP-MEDIUM-SMALL-th.jpg",720,400,false],"2048x2048":["https:\/\/kreativna-europa.ba\/wp-content\/uploads\/2026\/03\/COOP-MEDIUM-SMALL-th.jpg",720,400,false],"trp-custom-language-flag":["https:\/\/kreativna-europa.ba\/wp-content\/uploads\/2026\/03\/COOP-MEDIUM-SMALL-th-18x10.jpg",18,10,true]},"rttpg_author":{"display_name":"kreativnaeuropa","author_link":"https:\/\/kreativna-europa.ba\/en\/author\/kreativnaeuropa\/"},"rttpg_comment":1,"rttpg_category":"<a href=\"https:\/\/kreativna-europa.ba\/en\/category\/pozivi\/\" rel=\"category tag\">Pozivi<\/a>","rttpg_excerpt":"Program\u00a0Kreativna Europa\u00a0objavio je nove pozive za\u00a0European Cooperation Projects\u00a0u okviru potprograma\u00a0Culture\u00a0za 2026. godinu. Ovi pozivi poti\u010du me\u0111unarodnu suradnju kulturnih i kreativnih [&hellip;]","_links":{"self":[{"href":"https:\/\/kreativna-europa.ba\/en\/wp-json\/wp\/v2\/posts\/4280","targetHints":{"allow":["GET"]}}],"collection":[{"href":"https:\/\/kreativna-europa.ba\/en\/wp-json\/wp\/v2\/posts"}],"about":[{"href":"https:\/\/kreativna-europa.ba\/en\/wp-json\/wp\/v2\/types\/post"}],"author":[{"embeddable":true,"href":"https:\/\/kreativna-europa.ba\/en\/wp-json\/wp\/v2\/users\/1"}],"replies":[{"embeddable":true,"href":"https:\/\/kreativna-europa.ba\/en\/wp-json\/wp\/v2\/comments?post=4280"}],"version-history":[{"count":1,"href":"https:\/\/kreativna-europa.ba\/en\/wp-json\/wp\/v2\/posts\/4280\/revisions"}],"predecessor-version":[{"id":4283,"href":"https:\/\/kreativna-europa.ba\/en\/wp-json\/wp\/v2\/posts\/4280\/revisions\/4283"}],"wp:featuredmedia":[{"embeddable":true,"href":"https:\/\/kreativna-europa.ba\/en\/wp-json\/wp\/v2\/media\/4282"}],"wp:attachment":[{"href":"https:\/\/kreativna-europa.ba\/en\/wp-json\/wp\/v2\/media?parent=4280"}],"wp:term":[{"taxonomy":"category","embeddable":true,"href":"https:\/\/kreativna-europa.ba\/en\/wp-json\/wp\/v2\/categories?post=4280"},{"taxonomy":"post_tag","embeddable":true,"href":"https:\/\/kreativna-europa.ba\/en\/wp-json\/wp\/v2\/tags?post=4280"}],"curies":[{"name":"wp","href":"https:\/\/api.w.org\/{rel}","templated":true}]}}